
{"id":29832,"date":"2023-01-16T14:13:16","date_gmt":"2023-01-16T14:13:16","guid":{"rendered":"https:\/\/www.nuevapescanova.com\/?p=29832"},"modified":"2023-01-16T14:13:17","modified_gmt":"2023-01-16T14:13:17","slug":"le-groupe-nueva-pescanova-renforce-son-capital-avec-70-millions-deuros","status":"publish","type":"post","link":"https:\/\/www.nuevapescanova.com\/fr\/2023\/01\/16\/le-groupe-nueva-pescanova-renforce-son-capital-avec-70-millions-deuros\/","title":{"rendered":"<strong>Le Groupe Nueva Pescanova renforce son capital avec 70 millions d&rsquo;euros<\/strong>"},"content":{"rendered":"\n<p><strong>Vigo, 16 janvier 2023 &#8211;<\/strong> Les actionnaires du Groupe Nueva Pescanova ont approuv\u00e9 un apport de capital de 70 millions d&rsquo;euros lors de l&rsquo;assembl\u00e9e g\u00e9n\u00e9rale qui s&rsquo;est tenue ce matin. Cette op\u00e9ration vise \u00e0 renforcer les fonds propres de la compagnie et \u00e0 consolider l&rsquo;ex\u00e9cution de son plan strat\u00e9gique.<\/p>\n\n\n\n<p>Le capital sera apport\u00e9 dans sa totalit\u00e9 par l&rsquo;actionnaire principal, une d\u00e9cision qui n&rsquo;implique aucune modification de la composition de l&rsquo;actionnariat du Groupe.<\/p>\n","protected":false},"excerpt":{"rendered":"<p>Vigo, 16 janvier 2023 &#8211; Les actionnaires du Groupe Nueva Pescanova ont approuv\u00e9 un apport de capital de 70 millions d&rsquo;euros lors de l&rsquo;assembl\u00e9e g\u00e9n\u00e9rale qui<span class=\"excerpt-hellip\"> [\u2026]<\/span><\/p>\n","protected":false},"author":3,"featured_media":24826,"comment_status":"closed","ping_status":"closed","sticky":false,"template":"","format":"standard","meta":{"_acf_changed":false,"footnotes":""},"categories":[6],"tags":[],"class_list":["post-29832","post","type-post","status-publish","format-standard","has-post-thumbnail","hentry","category-uncategorized"],"acf":[],"yoast_head":"<!-- This site is optimized with the Yoast SEO plugin v25.9 - https:\/\/yoast.com\/wordpress\/plugins\/seo\/ -->\n<title>Le Groupe Nueva Pescanova renforce son capital avec 70 millions d&#039;euros - Nueva Pescanova<\/title>\n<meta name=\"robots\" content=\"index, follow, max-snippet:-1, max-image-preview:large, max-video-preview:-1\" \/>\n<link rel=\"canonical\" href=\"https:\/\/www.nuevapescanova.com\/fr\/2023\/01\/16\/le-groupe-nueva-pescanova-renforce-son-capital-avec-70-millions-deuros\/\" \/>\n<meta property=\"og:locale\" content=\"fr_FR\" \/>\n<meta property=\"og:type\" content=\"article\" \/>\n<meta property=\"og:title\" content=\"Le Groupe Nueva Pescanova renforce son capital avec 70 millions d&#039;euros - Nueva Pescanova\" \/>\n<meta property=\"og:description\" content=\"Vigo, 16 janvier 2023 &#8211; Les actionnaires du Groupe Nueva Pescanova ont approuv\u00e9 un apport de capital de 70 millions d&rsquo;euros lors de l&rsquo;assembl\u00e9e g\u00e9n\u00e9rale qui [\u2026]\" \/>\n<meta property=\"og:url\" content=\"https:\/\/www.nuevapescanova.com\/fr\/2023\/01\/16\/le-groupe-nueva-pescanova-renforce-son-capital-avec-70-millions-deuros\/\" \/>\n<meta property=\"og:site_name\" content=\"Nueva Pescanova\" \/>\n<meta property=\"article:published_time\" content=\"2023-01-16T14:13:16+00:00\" \/>\n<meta property=\"article:modified_time\" content=\"2023-01-16T14:13:17+00:00\" \/>\n<meta property=\"og:image\" content=\"https:\/\/www.nuevapescanova.com\/nuevapescanova\/wp-content\/uploads\/2022\/01\/Fachada-Chapela-Rodoldo-1-1024x683-1.jpeg\" \/>\n\t<meta property=\"og:image:width\" content=\"1024\" \/>\n\t<meta property=\"og:image:height\" content=\"683\" \/>\n\t<meta property=\"og:image:type\" content=\"image\/jpeg\" \/>\n<meta name=\"author\" content=\"comunicacion\" \/>\n<meta name=\"twitter:card\" content=\"summary_large_image\" \/>\n<meta name=\"twitter:creator\" content=\"@PescanovaCorp\" \/>\n<meta name=\"twitter:site\" content=\"@PescanovaCorp\" \/>\n<meta name=\"twitter:label1\" content=\"\u00c9crit par\" \/>\n\t<meta name=\"twitter:data1\" content=\"comunicacion\" \/>\n<script type=\"application\/ld+json\" class=\"yoast-schema-graph\">{\"@context\":\"https:\/\/schema.org\",\"@graph\":[{\"@type\":\"Article\",\"@id\":\"https:\/\/www.nuevapescanova.com\/fr\/2023\/01\/16\/le-groupe-nueva-pescanova-renforce-son-capital-avec-70-millions-deuros\/#article\",\"isPartOf\":{\"@id\":\"https:\/\/www.nuevapescanova.com\/fr\/2023\/01\/16\/le-groupe-nueva-pescanova-renforce-son-capital-avec-70-millions-deuros\/\"},\"author\":{\"name\":\"comunicacion\",\"@id\":\"https:\/\/www.nuevapescanova.com\/#\/schema\/person\/8b41cffabb9cfabdc36581e6839e1355\"},\"headline\":\"Le Groupe Nueva Pescanova renforce son capital avec 70 millions d&rsquo;euros\",\"datePublished\":\"2023-01-16T14:13:16+00:00\",\"dateModified\":\"2023-01-16T14:13:17+00:00\",\"mainEntityOfPage\":{\"@id\":\"https:\/\/www.nuevapescanova.com\/fr\/2023\/01\/16\/le-groupe-nueva-pescanova-renforce-son-capital-avec-70-millions-deuros\/\"},\"wordCount\":92,\"publisher\":{\"@id\":\"https:\/\/www.nuevapescanova.com\/#organization\"},\"image\":{\"@id\":\"https:\/\/www.nuevapescanova.com\/fr\/2023\/01\/16\/le-groupe-nueva-pescanova-renforce-son-capital-avec-70-millions-deuros\/#primaryimage\"},\"thumbnailUrl\":\"https:\/\/www.nuevapescanova.com\/nuevapescanova\/wp-content\/uploads\/2022\/01\/Fachada-Chapela-Rodoldo-1-1024x683-1.jpeg\",\"articleSection\":[\"Uncategorized\"],\"inLanguage\":\"fr-FR\"},{\"@type\":\"WebPage\",\"@id\":\"https:\/\/www.nuevapescanova.com\/fr\/2023\/01\/16\/le-groupe-nueva-pescanova-renforce-son-capital-avec-70-millions-deuros\/\",\"url\":\"https:\/\/www.nuevapescanova.com\/fr\/2023\/01\/16\/le-groupe-nueva-pescanova-renforce-son-capital-avec-70-millions-deuros\/\",\"name\":\"Le Groupe Nueva Pescanova renforce son capital avec 70 millions d'euros - Nueva Pescanova\",\"isPartOf\":{\"@id\":\"https:\/\/www.nuevapescanova.com\/#website\"},\"primaryImageOfPage\":{\"@id\":\"https:\/\/www.nuevapescanova.com\/fr\/2023\/01\/16\/le-groupe-nueva-pescanova-renforce-son-capital-avec-70-millions-deuros\/#primaryimage\"},\"image\":{\"@id\":\"https:\/\/www.nuevapescanova.com\/fr\/2023\/01\/16\/le-groupe-nueva-pescanova-renforce-son-capital-avec-70-millions-deuros\/#primaryimage\"},\"thumbnailUrl\":\"https:\/\/www.nuevapescanova.com\/nuevapescanova\/wp-content\/uploads\/2022\/01\/Fachada-Chapela-Rodoldo-1-1024x683-1.jpeg\",\"datePublished\":\"2023-01-16T14:13:16+00:00\",\"dateModified\":\"2023-01-16T14:13:17+00:00\",\"breadcrumb\":{\"@id\":\"https:\/\/www.nuevapescanova.com\/fr\/2023\/01\/16\/le-groupe-nueva-pescanova-renforce-son-capital-avec-70-millions-deuros\/#breadcrumb\"},\"inLanguage\":\"fr-FR\",\"potentialAction\":[{\"@type\":\"ReadAction\",\"target\":[\"https:\/\/www.nuevapescanova.com\/fr\/2023\/01\/16\/le-groupe-nueva-pescanova-renforce-son-capital-avec-70-millions-deuros\/\"]}]},{\"@type\":\"ImageObject\",\"inLanguage\":\"fr-FR\",\"@id\":\"https:\/\/www.nuevapescanova.com\/fr\/2023\/01\/16\/le-groupe-nueva-pescanova-renforce-son-capital-avec-70-millions-deuros\/#primaryimage\",\"url\":\"https:\/\/www.nuevapescanova.com\/nuevapescanova\/wp-content\/uploads\/2022\/01\/Fachada-Chapela-Rodoldo-1-1024x683-1.jpeg\",\"contentUrl\":\"https:\/\/www.nuevapescanova.com\/nuevapescanova\/wp-content\/uploads\/2022\/01\/Fachada-Chapela-Rodoldo-1-1024x683-1.jpeg\",\"width\":1024,\"height\":683},{\"@type\":\"BreadcrumbList\",\"@id\":\"https:\/\/www.nuevapescanova.com\/fr\/2023\/01\/16\/le-groupe-nueva-pescanova-renforce-son-capital-avec-70-millions-deuros\/#breadcrumb\",\"itemListElement\":[{\"@type\":\"ListItem\",\"position\":1,\"name\":\"Portada\",\"item\":\"https:\/\/www.nuevapescanova.com\/fr\/\"},{\"@type\":\"ListItem\",\"position\":2,\"name\":\"Le Groupe Nueva Pescanova renforce son capital avec 70 millions d&#8217;euros\"}]},{\"@type\":\"WebSite\",\"@id\":\"https:\/\/www.nuevapescanova.com\/#website\",\"url\":\"https:\/\/www.nuevapescanova.com\/\",\"name\":\"Nueva Pescanova\",\"description\":\"\",\"publisher\":{\"@id\":\"https:\/\/www.nuevapescanova.com\/#organization\"},\"potentialAction\":[{\"@type\":\"SearchAction\",\"target\":{\"@type\":\"EntryPoint\",\"urlTemplate\":\"https:\/\/www.nuevapescanova.com\/?s={search_term_string}\"},\"query-input\":{\"@type\":\"PropertyValueSpecification\",\"valueRequired\":true,\"valueName\":\"search_term_string\"}}],\"inLanguage\":\"fr-FR\"},{\"@type\":\"Organization\",\"@id\":\"https:\/\/www.nuevapescanova.com\/#organization\",\"name\":\"Nueva Pescanova\",\"url\":\"https:\/\/www.nuevapescanova.com\/\",\"logo\":{\"@type\":\"ImageObject\",\"inLanguage\":\"fr-FR\",\"@id\":\"https:\/\/www.nuevapescanova.com\/#\/schema\/logo\/image\/\",\"url\":\"https:\/\/www.nuevapescanova.com\/nuevapescanova\/wp-content\/uploads\/2023\/06\/Logo-Grupo-Nueva-Pescanova.jpg\",\"contentUrl\":\"https:\/\/www.nuevapescanova.com\/nuevapescanova\/wp-content\/uploads\/2023\/06\/Logo-Grupo-Nueva-Pescanova.jpg\",\"width\":800,\"height\":398,\"caption\":\"Nueva Pescanova\"},\"image\":{\"@id\":\"https:\/\/www.nuevapescanova.com\/#\/schema\/logo\/image\/\"},\"sameAs\":[\"https:\/\/x.com\/PescanovaCorp\",\"https:\/\/www.linkedin.com\/company\/nuevapescanova\/?originalSubdomain=es\"]},{\"@type\":\"Person\",\"@id\":\"https:\/\/www.nuevapescanova.com\/#\/schema\/person\/8b41cffabb9cfabdc36581e6839e1355\",\"name\":\"comunicacion\",\"image\":{\"@type\":\"ImageObject\",\"inLanguage\":\"fr-FR\",\"@id\":\"https:\/\/www.nuevapescanova.com\/#\/schema\/person\/image\/\",\"url\":\"https:\/\/secure.gravatar.com\/avatar\/3fdcb11972dd7c0cd6446cd61a4272e550ae23f4f17e8fd88e778f026d3e0748?s=96&d=mm&r=g\",\"contentUrl\":\"https:\/\/secure.gravatar.com\/avatar\/3fdcb11972dd7c0cd6446cd61a4272e550ae23f4f17e8fd88e778f026d3e0748?s=96&d=mm&r=g\",\"caption\":\"comunicacion\"},\"url\":\"https:\/\/www.nuevapescanova.com\/fr\/author\/comunicacion\/\"}]}<\/script>\n<!-- \/ Yoast SEO plugin. -->","yoast_head_json":{"title":"Le Groupe Nueva Pescanova renforce son capital avec 70 millions d'euros - Nueva Pescanova","robots":{"index":"index","follow":"follow","max-snippet":"max-snippet:-1","max-image-preview":"max-image-preview:large","max-video-preview":"max-video-preview:-1"},"canonical":"https:\/\/www.nuevapescanova.com\/fr\/2023\/01\/16\/le-groupe-nueva-pescanova-renforce-son-capital-avec-70-millions-deuros\/","og_locale":"fr_FR","og_type":"article","og_title":"Le Groupe Nueva Pescanova renforce son capital avec 70 millions d'euros - Nueva Pescanova","og_description":"Vigo, 16 janvier 2023 &#8211; Les actionnaires du Groupe Nueva Pescanova ont approuv\u00e9 un apport de capital de 70 millions d&rsquo;euros lors de l&rsquo;assembl\u00e9e g\u00e9n\u00e9rale qui [\u2026]","og_url":"https:\/\/www.nuevapescanova.com\/fr\/2023\/01\/16\/le-groupe-nueva-pescanova-renforce-son-capital-avec-70-millions-deuros\/","og_site_name":"Nueva Pescanova","article_published_time":"2023-01-16T14:13:16+00:00","article_modified_time":"2023-01-16T14:13:17+00:00","og_image":[{"width":1024,"height":683,"url":"https:\/\/www.nuevapescanova.com\/nuevapescanova\/wp-content\/uploads\/2022\/01\/Fachada-Chapela-Rodoldo-1-1024x683-1.jpeg","type":"image\/jpeg"}],"author":"comunicacion","twitter_card":"summary_large_image","twitter_creator":"@PescanovaCorp","twitter_site":"@PescanovaCorp","twitter_misc":{"\u00c9crit par":"comunicacion"},"schema":{"@context":"https:\/\/schema.org","@graph":[{"@type":"Article","@id":"https:\/\/www.nuevapescanova.com\/fr\/2023\/01\/16\/le-groupe-nueva-pescanova-renforce-son-capital-avec-70-millions-deuros\/#article","isPartOf":{"@id":"https:\/\/www.nuevapescanova.com\/fr\/2023\/01\/16\/le-groupe-nueva-pescanova-renforce-son-capital-avec-70-millions-deuros\/"},"author":{"name":"comunicacion","@id":"https:\/\/www.nuevapescanova.com\/#\/schema\/person\/8b41cffabb9cfabdc36581e6839e1355"},"headline":"Le Groupe Nueva Pescanova renforce son capital avec 70 millions d&rsquo;euros","datePublished":"2023-01-16T14:13:16+00:00","dateModified":"2023-01-16T14:13:17+00:00","mainEntityOfPage":{"@id":"https:\/\/www.nuevapescanova.com\/fr\/2023\/01\/16\/le-groupe-nueva-pescanova-renforce-son-capital-avec-70-millions-deuros\/"},"wordCount":92,"publisher":{"@id":"https:\/\/www.nuevapescanova.com\/#organization"},"image":{"@id":"https:\/\/www.nuevapescanova.com\/fr\/2023\/01\/16\/le-groupe-nueva-pescanova-renforce-son-capital-avec-70-millions-deuros\/#primaryimage"},"thumbnailUrl":"https:\/\/www.nuevapescanova.com\/nuevapescanova\/wp-content\/uploads\/2022\/01\/Fachada-Chapela-Rodoldo-1-1024x683-1.jpeg","articleSection":["Uncategorized"],"inLanguage":"fr-FR"},{"@type":"WebPage","@id":"https:\/\/www.nuevapescanova.com\/fr\/2023\/01\/16\/le-groupe-nueva-pescanova-renforce-son-capital-avec-70-millions-deuros\/","url":"https:\/\/www.nuevapescanova.com\/fr\/2023\/01\/16\/le-groupe-nueva-pescanova-renforce-son-capital-avec-70-millions-deuros\/","name":"Le Groupe Nueva Pescanova renforce son capital avec 70 millions d'euros - Nueva Pescanova","isPartOf":{"@id":"https:\/\/www.nuevapescanova.com\/#website"},"primaryImageOfPage":{"@id":"https:\/\/www.nuevapescanova.com\/fr\/2023\/01\/16\/le-groupe-nueva-pescanova-renforce-son-capital-avec-70-millions-deuros\/#primaryimage"},"image":{"@id":"https:\/\/www.nuevapescanova.com\/fr\/2023\/01\/16\/le-groupe-nueva-pescanova-renforce-son-capital-avec-70-millions-deuros\/#primaryimage"},"thumbnailUrl":"https:\/\/www.nuevapescanova.com\/nuevapescanova\/wp-content\/uploads\/2022\/01\/Fachada-Chapela-Rodoldo-1-1024x683-1.jpeg","datePublished":"2023-01-16T14:13:16+00:00","dateModified":"2023-01-16T14:13:17+00:00","breadcrumb":{"@id":"https:\/\/www.nuevapescanova.com\/fr\/2023\/01\/16\/le-groupe-nueva-pescanova-renforce-son-capital-avec-70-millions-deuros\/#breadcrumb"},"inLanguage":"fr-FR","potentialAction":[{"@type":"ReadAction","target":["https:\/\/www.nuevapescanova.com\/fr\/2023\/01\/16\/le-groupe-nueva-pescanova-renforce-son-capital-avec-70-millions-deuros\/"]}]},{"@type":"ImageObject","inLanguage":"fr-FR","@id":"https:\/\/www.nuevapescanova.com\/fr\/2023\/01\/16\/le-groupe-nueva-pescanova-renforce-son-capital-avec-70-millions-deuros\/#primaryimage","url":"https:\/\/www.nuevapescanova.com\/nuevapescanova\/wp-content\/uploads\/2022\/01\/Fachada-Chapela-Rodoldo-1-1024x683-1.jpeg","contentUrl":"https:\/\/www.nuevapescanova.com\/nuevapescanova\/wp-content\/uploads\/2022\/01\/Fachada-Chapela-Rodoldo-1-1024x683-1.jpeg","width":1024,"height":683},{"@type":"BreadcrumbList","@id":"https:\/\/www.nuevapescanova.com\/fr\/2023\/01\/16\/le-groupe-nueva-pescanova-renforce-son-capital-avec-70-millions-deuros\/#breadcrumb","itemListElement":[{"@type":"ListItem","position":1,"name":"Portada","item":"https:\/\/www.nuevapescanova.com\/fr\/"},{"@type":"ListItem","position":2,"name":"Le Groupe Nueva Pescanova renforce son capital avec 70 millions d&#8217;euros"}]},{"@type":"WebSite","@id":"https:\/\/www.nuevapescanova.com\/#website","url":"https:\/\/www.nuevapescanova.com\/","name":"Nueva Pescanova","description":"","publisher":{"@id":"https:\/\/www.nuevapescanova.com\/#organization"},"potentialAction":[{"@type":"SearchAction","target":{"@type":"EntryPoint","urlTemplate":"https:\/\/www.nuevapescanova.com\/?s={search_term_string}"},"query-input":{"@type":"PropertyValueSpecification","valueRequired":true,"valueName":"search_term_string"}}],"inLanguage":"fr-FR"},{"@type":"Organization","@id":"https:\/\/www.nuevapescanova.com\/#organization","name":"Nueva Pescanova","url":"https:\/\/www.nuevapescanova.com\/","logo":{"@type":"ImageObject","inLanguage":"fr-FR","@id":"https:\/\/www.nuevapescanova.com\/#\/schema\/logo\/image\/","url":"https:\/\/www.nuevapescanova.com\/nuevapescanova\/wp-content\/uploads\/2023\/06\/Logo-Grupo-Nueva-Pescanova.jpg","contentUrl":"https:\/\/www.nuevapescanova.com\/nuevapescanova\/wp-content\/uploads\/2023\/06\/Logo-Grupo-Nueva-Pescanova.jpg","width":800,"height":398,"caption":"Nueva Pescanova"},"image":{"@id":"https:\/\/www.nuevapescanova.com\/#\/schema\/logo\/image\/"},"sameAs":["https:\/\/x.com\/PescanovaCorp","https:\/\/www.linkedin.com\/company\/nuevapescanova\/?originalSubdomain=es"]},{"@type":"Person","@id":"https:\/\/www.nuevapescanova.com\/#\/schema\/person\/8b41cffabb9cfabdc36581e6839e1355","name":"comunicacion","image":{"@type":"ImageObject","inLanguage":"fr-FR","@id":"https:\/\/www.nuevapescanova.com\/#\/schema\/person\/image\/","url":"https:\/\/secure.gravatar.com\/avatar\/3fdcb11972dd7c0cd6446cd61a4272e550ae23f4f17e8fd88e778f026d3e0748?s=96&d=mm&r=g","contentUrl":"https:\/\/secure.gravatar.com\/avatar\/3fdcb11972dd7c0cd6446cd61a4272e550ae23f4f17e8fd88e778f026d3e0748?s=96&d=mm&r=g","caption":"comunicacion"},"url":"https:\/\/www.nuevapescanova.com\/fr\/author\/comunicacion\/"}]}},"_links":{"self":[{"href":"https:\/\/www.nuevapescanova.com\/fr\/wp-json\/wp\/v2\/posts\/29832","targetHints":{"allow":["GET"]}}],"collection":[{"href":"https:\/\/www.nuevapescanova.com\/fr\/wp-json\/wp\/v2\/posts"}],"about":[{"href":"https:\/\/www.nuevapescanova.com\/fr\/wp-json\/wp\/v2\/types\/post"}],"author":[{"embeddable":true,"href":"https:\/\/www.nuevapescanova.com\/fr\/wp-json\/wp\/v2\/users\/3"}],"replies":[{"embeddable":true,"href":"https:\/\/www.nuevapescanova.com\/fr\/wp-json\/wp\/v2\/comments?post=29832"}],"version-history":[{"count":2,"href":"https:\/\/www.nuevapescanova.com\/fr\/wp-json\/wp\/v2\/posts\/29832\/revisions"}],"predecessor-version":[{"id":29838,"href":"https:\/\/www.nuevapescanova.com\/fr\/wp-json\/wp\/v2\/posts\/29832\/revisions\/29838"}],"wp:featuredmedia":[{"embeddable":true,"href":"https:\/\/www.nuevapescanova.com\/fr\/wp-json\/wp\/v2\/media\/24826"}],"wp:attachment":[{"href":"https:\/\/www.nuevapescanova.com\/fr\/wp-json\/wp\/v2\/media?parent=29832"}],"wp:term":[{"taxonomy":"category","embeddable":true,"href":"https:\/\/www.nuevapescanova.com\/fr\/wp-json\/wp\/v2\/categories?post=29832"},{"taxonomy":"post_tag","embeddable":true,"href":"https:\/\/www.nuevapescanova.com\/fr\/wp-json\/wp\/v2\/tags?post=29832"}],"curies":[{"name":"wp","href":"https:\/\/api.w.org\/{rel}","templated":true}]}}