
{"id":17297,"date":"2020-01-17T13:13:40","date_gmt":"2020-01-17T13:13:40","guid":{"rendered":"http:\/\/www.nuevapescanova.com\/2020\/01\/17\/el-grupo-nueva-pescanova-galardonado-en-los-premios-innovacion-gallega\/"},"modified":"2020-01-17T13:13:40","modified_gmt":"2020-01-17T13:13:40","slug":"el-grupo-nueva-pescanova-galardonado-en-los-premios-innovacion-gallega","status":"publish","type":"post","link":"https:\/\/www.nuevapescanova.com\/gl\/2020\/01\/17\/el-grupo-nueva-pescanova-galardonado-en-los-premios-innovacion-gallega\/","title":{"rendered":"El Grupo Nueva Pescanova, galardonado en los Premios Innovaci\u00f3n Gallega"},"content":{"rendered":"\n<ul class=\"wp-block-list\"><li><strong>Ha recibido el\nreconocimiento a la \u201cInnovaci\u00f3n en el Modelo de Regeneraci\u00f3n y Futuro de la\nempresa\u201d.<\/strong><\/li><li><strong>El CEO de la\nmultinacional, Ignacio Gonz\u00e1lez, ha destacado hitos de la compa\u00f1\u00eda como el\ncerrar por primera vez en la historia el ciclo de vida del pulpo en\nAcuicultura; la renovaci\u00f3n de parte de su flota de 70 buques con las m\u00e1s avanzadas\ne innovadoras tecnolog\u00edas; o la pr\u00f3xima apertura del Pescanova Biomarine\nCenter, uno de los centros privados de I+D+i de Acuicultura m\u00e1s importantes del\nmundo.<\/strong><\/li><\/ul>\n\n\n\n<p><strong><em>Vigo, 17 de enero\nde 2020<\/em><\/strong>.- El\nGrupo Nueva Pescanova ha sido reconocido con el premio \u201cInnovaci\u00f3n al Modelo de\nRegeneraci\u00f3n y Futuro\u201d en los \u201cPremios a la Innovaci\u00f3n Gallega\u201d organizados por\nLa Voz de Galicia y por Vodafone, que fueron entregados ayer en el Museo\nSantiago Rey Fern\u00e1ndez-Latorre de A Coru\u00f1a. <\/p>\n\n\n\n<p>Empresarios\ngallegos y autoridades, entre las que se encontraba Francisco Conde, Conselleiro\nde Econom\u00eda, Empleo e Industria de la Xunta de Galicia; o Lois Blanco, Director\nGeneral de Corporaci\u00f3n Voz de Galicia, estuvieron presentes en el acto en el\nque se homenaje\u00f3 la labor innovadora de empresas e instituciones gallegas. &nbsp;<\/p>\n\n\n\n<p>Ignacio\nGonz\u00e1lez, CEO del Grupo Nueva Pescanova, fue el encargado de recoger el premio\notorgado a la multinacional pesquera: \u201cPescanova lleva la innovaci\u00f3n en su ADN\ndesde sus or\u00edgenes. En la d\u00e9cada de los 60 revolucion\u00f3 el sector de la pesca a\nnivel mundial, al inventar el proceso de ultracongelaci\u00f3n a bordo. Continuamente\nlanzamos al mercado nuevos productos del mar innovadores, adapt\u00e1ndonos a los\nnuevos h\u00e1bitos de consumo\u201d, dijo. Destac\u00f3, adem\u00e1s, que \u201cNueva Pescanova est\u00e1\ninmersa en un proceso de renovaci\u00f3n de la flota de 70 buques, construyendo\nsiete nuevos barcos con las \u00faltimas tecnolog\u00edas para seguir pescando de manera\neficiente, sostenible y con el mejor confort para las tripulaciones\u201d. <\/p>\n\n\n\n<p>Adem\u00e1s,\nla empresa acaba de poner a Galicia en el epicentro investigador e innovador de\nAcuicultura en el mundo, ya que en las instalaciones del Grupo en Chapela\n(Pontevedra) ha cerrado el ciclo de vida del pulpo en Acuicultura por primera\nvez en la historia, consiguiendo que pulpos que han nacido en sus instalaciones\nse hayan hecho adultos y hayan vuelto a reproducirse. A este hito le acompa\u00f1ar\u00e1,\nen los pr\u00f3ximos meses, la apertura del Pescanova Biomarine Center, un centro en\nI+D+i en Acuicultura que ser\u00e1 referente a nivel mundial. En \u00e9l 50 profesionales\nse dedicar\u00e1n al estudio de la gen\u00e9tica, nutrici\u00f3n y salud de las especies que\ncultiva el Grupo: El rodaballo y el langostino; as\u00ed como de otras especies\nmarinas que ahora mismo no se producen en cautividad.<\/p>\n","protected":false},"excerpt":{"rendered":"<p>Ha recibido el reconocimiento a la \u201cInnovaci\u00f3n en el Modelo de Regeneraci\u00f3n y Futuro de la empresa\u201d. El CEO de la multinacional, Ignacio Gonz\u00e1lez, ha destacado<span class=\"excerpt-hellip\"> [\u2026]<\/span><\/p>\n","protected":false},"author":3,"featured_media":17301,"comment_status":"open","ping_status":"closed","sticky":false,"template":"","format":"standard","meta":{"_acf_changed":false,"footnotes":""},"categories":[115],"tags":[],"class_list":["post-17297","post","type-post","status-publish","format-standard","has-post-thumbnail","hentry","category-uncategorized-gl"],"acf":[],"yoast_head":"<!-- This site is optimized with the Yoast SEO plugin v25.9 - https:\/\/yoast.com\/wordpress\/plugins\/seo\/ -->\n<title>El Grupo Nueva Pescanova, galardonado en los Premios Innovaci\u00f3n Gallega - Nueva Pescanova<\/title>\n<meta name=\"robots\" content=\"index, follow, max-snippet:-1, max-image-preview:large, max-video-preview:-1\" \/>\n<link rel=\"canonical\" href=\"https:\/\/www.nuevapescanova.com\/gl\/2020\/01\/17\/el-grupo-nueva-pescanova-galardonado-en-los-premios-innovacion-gallega\/\" \/>\n<meta property=\"og:locale\" content=\"gl_ES\" \/>\n<meta property=\"og:type\" content=\"article\" \/>\n<meta property=\"og:title\" content=\"El Grupo Nueva Pescanova, galardonado en los Premios Innovaci\u00f3n Gallega - Nueva Pescanova\" \/>\n<meta property=\"og:description\" content=\"Ha recibido el reconocimiento a la \u201cInnovaci\u00f3n en el Modelo de Regeneraci\u00f3n y Futuro de la empresa\u201d. El CEO de la multinacional, Ignacio Gonz\u00e1lez, ha destacado [\u2026]\" \/>\n<meta property=\"og:url\" content=\"https:\/\/www.nuevapescanova.com\/gl\/2020\/01\/17\/el-grupo-nueva-pescanova-galardonado-en-los-premios-innovacion-gallega\/\" \/>\n<meta property=\"og:site_name\" content=\"Nueva Pescanova\" \/>\n<meta property=\"article:published_time\" content=\"2020-01-17T13:13:40+00:00\" \/>\n<meta property=\"og:image\" content=\"https:\/\/www.nuevapescanova.com\/nuevapescanova\/wp-content\/uploads\/2020\/01\/Ignacio-Gonz\u00e1lez-CEO-del-Grupo-Nueva-Pescanova-scaled.jpg\" \/>\n\t<meta property=\"og:image:width\" content=\"1782\" \/>\n\t<meta property=\"og:image:height\" content=\"1200\" \/>\n\t<meta property=\"og:image:type\" content=\"image\/jpeg\" \/>\n<meta name=\"author\" content=\"comunicacion\" \/>\n<meta name=\"twitter:card\" content=\"summary_large_image\" \/>\n<meta name=\"twitter:creator\" content=\"@PescanovaCorp\" \/>\n<meta name=\"twitter:site\" content=\"@PescanovaCorp\" \/>\n<meta name=\"twitter:label1\" content=\"Written by\" \/>\n\t<meta name=\"twitter:data1\" content=\"comunicacion\" \/>\n\t<meta name=\"twitter:label2\" content=\"Est. reading time\" \/>\n\t<meta name=\"twitter:data2\" content=\"2 minutes\" \/>\n<script type=\"application\/ld+json\" class=\"yoast-schema-graph\">{\"@context\":\"https:\/\/schema.org\",\"@graph\":[{\"@type\":\"Article\",\"@id\":\"https:\/\/www.nuevapescanova.com\/gl\/2020\/01\/17\/el-grupo-nueva-pescanova-galardonado-en-los-premios-innovacion-gallega\/#article\",\"isPartOf\":{\"@id\":\"https:\/\/www.nuevapescanova.com\/gl\/2020\/01\/17\/el-grupo-nueva-pescanova-galardonado-en-los-premios-innovacion-gallega\/\"},\"author\":{\"name\":\"comunicacion\",\"@id\":\"https:\/\/www.nuevapescanova.com\/#\/schema\/person\/8b41cffabb9cfabdc36581e6839e1355\"},\"headline\":\"El Grupo Nueva Pescanova, galardonado en los Premios Innovaci\u00f3n Gallega\",\"datePublished\":\"2020-01-17T13:13:40+00:00\",\"mainEntityOfPage\":{\"@id\":\"https:\/\/www.nuevapescanova.com\/gl\/2020\/01\/17\/el-grupo-nueva-pescanova-galardonado-en-los-premios-innovacion-gallega\/\"},\"wordCount\":470,\"commentCount\":0,\"publisher\":{\"@id\":\"https:\/\/www.nuevapescanova.com\/#organization\"},\"image\":{\"@id\":\"https:\/\/www.nuevapescanova.com\/gl\/2020\/01\/17\/el-grupo-nueva-pescanova-galardonado-en-los-premios-innovacion-gallega\/#primaryimage\"},\"thumbnailUrl\":\"https:\/\/www.nuevapescanova.com\/nuevapescanova\/wp-content\/uploads\/2020\/01\/Ignacio-Gonz\u00e1lez-CEO-del-Grupo-Nueva-Pescanova-scaled.jpg\",\"articleSection\":[\"Uncategorized @gl\"],\"inLanguage\":\"gl-ES\",\"potentialAction\":[{\"@type\":\"CommentAction\",\"name\":\"Comment\",\"target\":[\"https:\/\/www.nuevapescanova.com\/gl\/2020\/01\/17\/el-grupo-nueva-pescanova-galardonado-en-los-premios-innovacion-gallega\/#respond\"]}]},{\"@type\":\"WebPage\",\"@id\":\"https:\/\/www.nuevapescanova.com\/gl\/2020\/01\/17\/el-grupo-nueva-pescanova-galardonado-en-los-premios-innovacion-gallega\/\",\"url\":\"https:\/\/www.nuevapescanova.com\/gl\/2020\/01\/17\/el-grupo-nueva-pescanova-galardonado-en-los-premios-innovacion-gallega\/\",\"name\":\"El Grupo Nueva Pescanova, galardonado en los Premios Innovaci\u00f3n Gallega - Nueva Pescanova\",\"isPartOf\":{\"@id\":\"https:\/\/www.nuevapescanova.com\/#website\"},\"primaryImageOfPage\":{\"@id\":\"https:\/\/www.nuevapescanova.com\/gl\/2020\/01\/17\/el-grupo-nueva-pescanova-galardonado-en-los-premios-innovacion-gallega\/#primaryimage\"},\"image\":{\"@id\":\"https:\/\/www.nuevapescanova.com\/gl\/2020\/01\/17\/el-grupo-nueva-pescanova-galardonado-en-los-premios-innovacion-gallega\/#primaryimage\"},\"thumbnailUrl\":\"https:\/\/www.nuevapescanova.com\/nuevapescanova\/wp-content\/uploads\/2020\/01\/Ignacio-Gonz\u00e1lez-CEO-del-Grupo-Nueva-Pescanova-scaled.jpg\",\"datePublished\":\"2020-01-17T13:13:40+00:00\",\"breadcrumb\":{\"@id\":\"https:\/\/www.nuevapescanova.com\/gl\/2020\/01\/17\/el-grupo-nueva-pescanova-galardonado-en-los-premios-innovacion-gallega\/#breadcrumb\"},\"inLanguage\":\"gl-ES\",\"potentialAction\":[{\"@type\":\"ReadAction\",\"target\":[\"https:\/\/www.nuevapescanova.com\/gl\/2020\/01\/17\/el-grupo-nueva-pescanova-galardonado-en-los-premios-innovacion-gallega\/\"]}]},{\"@type\":\"ImageObject\",\"inLanguage\":\"gl-ES\",\"@id\":\"https:\/\/www.nuevapescanova.com\/gl\/2020\/01\/17\/el-grupo-nueva-pescanova-galardonado-en-los-premios-innovacion-gallega\/#primaryimage\",\"url\":\"https:\/\/www.nuevapescanova.com\/nuevapescanova\/wp-content\/uploads\/2020\/01\/Ignacio-Gonz\u00e1lez-CEO-del-Grupo-Nueva-Pescanova-scaled.jpg\",\"contentUrl\":\"https:\/\/www.nuevapescanova.com\/nuevapescanova\/wp-content\/uploads\/2020\/01\/Ignacio-Gonz\u00e1lez-CEO-del-Grupo-Nueva-Pescanova-scaled.jpg\",\"width\":1782,\"height\":1200},{\"@type\":\"BreadcrumbList\",\"@id\":\"https:\/\/www.nuevapescanova.com\/gl\/2020\/01\/17\/el-grupo-nueva-pescanova-galardonado-en-los-premios-innovacion-gallega\/#breadcrumb\",\"itemListElement\":[{\"@type\":\"ListItem\",\"position\":1,\"name\":\"Portada\",\"item\":\"https:\/\/www.nuevapescanova.com\/gl\/\"},{\"@type\":\"ListItem\",\"position\":2,\"name\":\"El Grupo Nueva Pescanova, galardonado en los Premios Innovaci\u00f3n Gallega\"}]},{\"@type\":\"WebSite\",\"@id\":\"https:\/\/www.nuevapescanova.com\/#website\",\"url\":\"https:\/\/www.nuevapescanova.com\/\",\"name\":\"Nueva Pescanova\",\"description\":\"\",\"publisher\":{\"@id\":\"https:\/\/www.nuevapescanova.com\/#organization\"},\"potentialAction\":[{\"@type\":\"SearchAction\",\"target\":{\"@type\":\"EntryPoint\",\"urlTemplate\":\"https:\/\/www.nuevapescanova.com\/?s={search_term_string}\"},\"query-input\":{\"@type\":\"PropertyValueSpecification\",\"valueRequired\":true,\"valueName\":\"search_term_string\"}}],\"inLanguage\":\"gl-ES\"},{\"@type\":\"Organization\",\"@id\":\"https:\/\/www.nuevapescanova.com\/#organization\",\"name\":\"Nueva Pescanova\",\"url\":\"https:\/\/www.nuevapescanova.com\/\",\"logo\":{\"@type\":\"ImageObject\",\"inLanguage\":\"gl-ES\",\"@id\":\"https:\/\/www.nuevapescanova.com\/#\/schema\/logo\/image\/\",\"url\":\"https:\/\/www.nuevapescanova.com\/nuevapescanova\/wp-content\/uploads\/2023\/06\/Logo-Grupo-Nueva-Pescanova.jpg\",\"contentUrl\":\"https:\/\/www.nuevapescanova.com\/nuevapescanova\/wp-content\/uploads\/2023\/06\/Logo-Grupo-Nueva-Pescanova.jpg\",\"width\":800,\"height\":398,\"caption\":\"Nueva Pescanova\"},\"image\":{\"@id\":\"https:\/\/www.nuevapescanova.com\/#\/schema\/logo\/image\/\"},\"sameAs\":[\"https:\/\/x.com\/PescanovaCorp\",\"https:\/\/www.linkedin.com\/company\/nuevapescanova\/?originalSubdomain=es\"]},{\"@type\":\"Person\",\"@id\":\"https:\/\/www.nuevapescanova.com\/#\/schema\/person\/8b41cffabb9cfabdc36581e6839e1355\",\"name\":\"comunicacion\",\"image\":{\"@type\":\"ImageObject\",\"inLanguage\":\"gl-ES\",\"@id\":\"https:\/\/www.nuevapescanova.com\/#\/schema\/person\/image\/\",\"url\":\"https:\/\/secure.gravatar.com\/avatar\/3fdcb11972dd7c0cd6446cd61a4272e550ae23f4f17e8fd88e778f026d3e0748?s=96&d=mm&r=g\",\"contentUrl\":\"https:\/\/secure.gravatar.com\/avatar\/3fdcb11972dd7c0cd6446cd61a4272e550ae23f4f17e8fd88e778f026d3e0748?s=96&d=mm&r=g\",\"caption\":\"comunicacion\"},\"url\":\"https:\/\/www.nuevapescanova.com\/gl\/author\/comunicacion\/\"}]}<\/script>\n<!-- \/ Yoast SEO plugin. -->","yoast_head_json":{"title":"El Grupo Nueva Pescanova, galardonado en los Premios Innovaci\u00f3n Gallega - Nueva Pescanova","robots":{"index":"index","follow":"follow","max-snippet":"max-snippet:-1","max-image-preview":"max-image-preview:large","max-video-preview":"max-video-preview:-1"},"canonical":"https:\/\/www.nuevapescanova.com\/gl\/2020\/01\/17\/el-grupo-nueva-pescanova-galardonado-en-los-premios-innovacion-gallega\/","og_locale":"gl_ES","og_type":"article","og_title":"El Grupo Nueva Pescanova, galardonado en los Premios Innovaci\u00f3n Gallega - Nueva Pescanova","og_description":"Ha recibido el reconocimiento a la \u201cInnovaci\u00f3n en el Modelo de Regeneraci\u00f3n y Futuro de la empresa\u201d. El CEO de la multinacional, Ignacio Gonz\u00e1lez, ha destacado [\u2026]","og_url":"https:\/\/www.nuevapescanova.com\/gl\/2020\/01\/17\/el-grupo-nueva-pescanova-galardonado-en-los-premios-innovacion-gallega\/","og_site_name":"Nueva Pescanova","article_published_time":"2020-01-17T13:13:40+00:00","og_image":[{"width":1782,"height":1200,"url":"https:\/\/www.nuevapescanova.com\/nuevapescanova\/wp-content\/uploads\/2020\/01\/Ignacio-Gonz\u00e1lez-CEO-del-Grupo-Nueva-Pescanova-scaled.jpg","type":"image\/jpeg"}],"author":"comunicacion","twitter_card":"summary_large_image","twitter_creator":"@PescanovaCorp","twitter_site":"@PescanovaCorp","twitter_misc":{"Written by":"comunicacion","Est. reading time":"2 minutes"},"schema":{"@context":"https:\/\/schema.org","@graph":[{"@type":"Article","@id":"https:\/\/www.nuevapescanova.com\/gl\/2020\/01\/17\/el-grupo-nueva-pescanova-galardonado-en-los-premios-innovacion-gallega\/#article","isPartOf":{"@id":"https:\/\/www.nuevapescanova.com\/gl\/2020\/01\/17\/el-grupo-nueva-pescanova-galardonado-en-los-premios-innovacion-gallega\/"},"author":{"name":"comunicacion","@id":"https:\/\/www.nuevapescanova.com\/#\/schema\/person\/8b41cffabb9cfabdc36581e6839e1355"},"headline":"El Grupo Nueva Pescanova, galardonado en los Premios Innovaci\u00f3n Gallega","datePublished":"2020-01-17T13:13:40+00:00","mainEntityOfPage":{"@id":"https:\/\/www.nuevapescanova.com\/gl\/2020\/01\/17\/el-grupo-nueva-pescanova-galardonado-en-los-premios-innovacion-gallega\/"},"wordCount":470,"commentCount":0,"publisher":{"@id":"https:\/\/www.nuevapescanova.com\/#organization"},"image":{"@id":"https:\/\/www.nuevapescanova.com\/gl\/2020\/01\/17\/el-grupo-nueva-pescanova-galardonado-en-los-premios-innovacion-gallega\/#primaryimage"},"thumbnailUrl":"https:\/\/www.nuevapescanova.com\/nuevapescanova\/wp-content\/uploads\/2020\/01\/Ignacio-Gonz\u00e1lez-CEO-del-Grupo-Nueva-Pescanova-scaled.jpg","articleSection":["Uncategorized @gl"],"inLanguage":"gl-ES","potentialAction":[{"@type":"CommentAction","name":"Comment","target":["https:\/\/www.nuevapescanova.com\/gl\/2020\/01\/17\/el-grupo-nueva-pescanova-galardonado-en-los-premios-innovacion-gallega\/#respond"]}]},{"@type":"WebPage","@id":"https:\/\/www.nuevapescanova.com\/gl\/2020\/01\/17\/el-grupo-nueva-pescanova-galardonado-en-los-premios-innovacion-gallega\/","url":"https:\/\/www.nuevapescanova.com\/gl\/2020\/01\/17\/el-grupo-nueva-pescanova-galardonado-en-los-premios-innovacion-gallega\/","name":"El Grupo Nueva Pescanova, galardonado en los Premios Innovaci\u00f3n Gallega - Nueva Pescanova","isPartOf":{"@id":"https:\/\/www.nuevapescanova.com\/#website"},"primaryImageOfPage":{"@id":"https:\/\/www.nuevapescanova.com\/gl\/2020\/01\/17\/el-grupo-nueva-pescanova-galardonado-en-los-premios-innovacion-gallega\/#primaryimage"},"image":{"@id":"https:\/\/www.nuevapescanova.com\/gl\/2020\/01\/17\/el-grupo-nueva-pescanova-galardonado-en-los-premios-innovacion-gallega\/#primaryimage"},"thumbnailUrl":"https:\/\/www.nuevapescanova.com\/nuevapescanova\/wp-content\/uploads\/2020\/01\/Ignacio-Gonz\u00e1lez-CEO-del-Grupo-Nueva-Pescanova-scaled.jpg","datePublished":"2020-01-17T13:13:40+00:00","breadcrumb":{"@id":"https:\/\/www.nuevapescanova.com\/gl\/2020\/01\/17\/el-grupo-nueva-pescanova-galardonado-en-los-premios-innovacion-gallega\/#breadcrumb"},"inLanguage":"gl-ES","potentialAction":[{"@type":"ReadAction","target":["https:\/\/www.nuevapescanova.com\/gl\/2020\/01\/17\/el-grupo-nueva-pescanova-galardonado-en-los-premios-innovacion-gallega\/"]}]},{"@type":"ImageObject","inLanguage":"gl-ES","@id":"https:\/\/www.nuevapescanova.com\/gl\/2020\/01\/17\/el-grupo-nueva-pescanova-galardonado-en-los-premios-innovacion-gallega\/#primaryimage","url":"https:\/\/www.nuevapescanova.com\/nuevapescanova\/wp-content\/uploads\/2020\/01\/Ignacio-Gonz\u00e1lez-CEO-del-Grupo-Nueva-Pescanova-scaled.jpg","contentUrl":"https:\/\/www.nuevapescanova.com\/nuevapescanova\/wp-content\/uploads\/2020\/01\/Ignacio-Gonz\u00e1lez-CEO-del-Grupo-Nueva-Pescanova-scaled.jpg","width":1782,"height":1200},{"@type":"BreadcrumbList","@id":"https:\/\/www.nuevapescanova.com\/gl\/2020\/01\/17\/el-grupo-nueva-pescanova-galardonado-en-los-premios-innovacion-gallega\/#breadcrumb","itemListElement":[{"@type":"ListItem","position":1,"name":"Portada","item":"https:\/\/www.nuevapescanova.com\/gl\/"},{"@type":"ListItem","position":2,"name":"El Grupo Nueva Pescanova, galardonado en los Premios Innovaci\u00f3n Gallega"}]},{"@type":"WebSite","@id":"https:\/\/www.nuevapescanova.com\/#website","url":"https:\/\/www.nuevapescanova.com\/","name":"Nueva Pescanova","description":"","publisher":{"@id":"https:\/\/www.nuevapescanova.com\/#organization"},"potentialAction":[{"@type":"SearchAction","target":{"@type":"EntryPoint","urlTemplate":"https:\/\/www.nuevapescanova.com\/?s={search_term_string}"},"query-input":{"@type":"PropertyValueSpecification","valueRequired":true,"valueName":"search_term_string"}}],"inLanguage":"gl-ES"},{"@type":"Organization","@id":"https:\/\/www.nuevapescanova.com\/#organization","name":"Nueva Pescanova","url":"https:\/\/www.nuevapescanova.com\/","logo":{"@type":"ImageObject","inLanguage":"gl-ES","@id":"https:\/\/www.nuevapescanova.com\/#\/schema\/logo\/image\/","url":"https:\/\/www.nuevapescanova.com\/nuevapescanova\/wp-content\/uploads\/2023\/06\/Logo-Grupo-Nueva-Pescanova.jpg","contentUrl":"https:\/\/www.nuevapescanova.com\/nuevapescanova\/wp-content\/uploads\/2023\/06\/Logo-Grupo-Nueva-Pescanova.jpg","width":800,"height":398,"caption":"Nueva Pescanova"},"image":{"@id":"https:\/\/www.nuevapescanova.com\/#\/schema\/logo\/image\/"},"sameAs":["https:\/\/x.com\/PescanovaCorp","https:\/\/www.linkedin.com\/company\/nuevapescanova\/?originalSubdomain=es"]},{"@type":"Person","@id":"https:\/\/www.nuevapescanova.com\/#\/schema\/person\/8b41cffabb9cfabdc36581e6839e1355","name":"comunicacion","image":{"@type":"ImageObject","inLanguage":"gl-ES","@id":"https:\/\/www.nuevapescanova.com\/#\/schema\/person\/image\/","url":"https:\/\/secure.gravatar.com\/avatar\/3fdcb11972dd7c0cd6446cd61a4272e550ae23f4f17e8fd88e778f026d3e0748?s=96&d=mm&r=g","contentUrl":"https:\/\/secure.gravatar.com\/avatar\/3fdcb11972dd7c0cd6446cd61a4272e550ae23f4f17e8fd88e778f026d3e0748?s=96&d=mm&r=g","caption":"comunicacion"},"url":"https:\/\/www.nuevapescanova.com\/gl\/author\/comunicacion\/"}]}},"_links":{"self":[{"href":"https:\/\/www.nuevapescanova.com\/gl\/wp-json\/wp\/v2\/posts\/17297","targetHints":{"allow":["GET"]}}],"collection":[{"href":"https:\/\/www.nuevapescanova.com\/gl\/wp-json\/wp\/v2\/posts"}],"about":[{"href":"https:\/\/www.nuevapescanova.com\/gl\/wp-json\/wp\/v2\/types\/post"}],"author":[{"embeddable":true,"href":"https:\/\/www.nuevapescanova.com\/gl\/wp-json\/wp\/v2\/users\/3"}],"replies":[{"embeddable":true,"href":"https:\/\/www.nuevapescanova.com\/gl\/wp-json\/wp\/v2\/comments?post=17297"}],"version-history":[{"count":0,"href":"https:\/\/www.nuevapescanova.com\/gl\/wp-json\/wp\/v2\/posts\/17297\/revisions"}],"wp:featuredmedia":[{"embeddable":true,"href":"https:\/\/www.nuevapescanova.com\/gl\/wp-json\/wp\/v2\/media\/17301"}],"wp:attachment":[{"href":"https:\/\/www.nuevapescanova.com\/gl\/wp-json\/wp\/v2\/media?parent=17297"}],"wp:term":[{"taxonomy":"category","embeddable":true,"href":"https:\/\/www.nuevapescanova.com\/gl\/wp-json\/wp\/v2\/categories?post=17297"},{"taxonomy":"post_tag","embeddable":true,"href":"https:\/\/www.nuevapescanova.com\/gl\/wp-json\/wp\/v2\/tags?post=17297"}],"curies":[{"name":"wp","href":"https:\/\/api.w.org\/{rel}","templated":true}]}}