
{"id":17434,"date":"2018-10-05T09:56:25","date_gmt":"2018-10-05T09:56:25","guid":{"rendered":"http:\/\/www.nuevapescanova.com\/2018\/10\/05\/el-subsecretario-de-pesca-de-la-nacion-argentina-visita-la-sede-central-de-argenova\/"},"modified":"2018-10-05T09:56:25","modified_gmt":"2018-10-05T09:56:25","slug":"el-subsecretario-de-pesca-de-la-nacion-argentina-visita-la-sede-central-de-argenova","status":"publish","type":"post","link":"https:\/\/www.nuevapescanova.com\/gl\/2018\/10\/05\/el-subsecretario-de-pesca-de-la-nacion-argentina-visita-la-sede-central-de-argenova\/","title":{"rendered":"El Subsecretario de Pesca de la Naci\u00f3n Argentina visita la sede central de Argenova"},"content":{"rendered":"<p><strong><em>Vigo, 5 de octubre de 2018.-<\/em><\/strong> Los directivos de Nueva Pescanova junto con los de Argenova, la filial argentina del Grupo Nueva Pescanova, han recibido en la casa matriz de la empresa en Galicia la visita del Subsecretario de Pesca de la Naci\u00f3n Argentina, Juan Bosch, quien fue acompa\u00f1ado por el Subsecretario de Pesca de la Provincia de Santa Cruz, Carlos Liberman.<\/p>\n<p>El objetivo de la visita fue conocer la sede central del Grupo Nueva Pescanova y comprobar las capacidades productivas y tecnol\u00f3gicas que la compa\u00f1\u00eda gallega puede aportar al futuro desarrollo de la industria pesquera en Argentina y en la provincia de Santa Cruz.<\/p>\n<p>Las autoridades argentinas fueron recibidas por Ignacio Gonz\u00e1lez, CEO del Grupo Nueva Pescanova; David Troncoso, Director General del \u00c1rea de Pesca del Grupo Nueva Pescanova; Manuel Dom\u00ednguez, Director de Operaciones del \u00c1rea de Pesca de Nueva Pescanova, junto a Marcos Osuna, Gerente General de la filial Argenova en Argentina y Latam, y Mauro Zamboni, Director de Asesor\u00eda Jur\u00eddica de Argenova.<\/p>\n<p><strong>Presencia en el pa\u00eds<\/strong><\/p>\n<p>El Grupo Nueva Pescanova comenz\u00f3 sus operaciones en Argentina hace 30 a\u00f1os bajo el nombre de Argenova. Con base en Puerto Deseado, provincia de Santa Cruz en la Patagonia argentina, y oficinas centrales en Buenos Aires, posee una flota compuesta por 16 buques y emplea a 700 personas.<\/p>\n","protected":false},"excerpt":{"rendered":"<p>El Subsecretario de Pesca de la Provincia argentina de Santa Cruz tambi\u00e9n ha acudido al encuentro en la sede central de la compa\u00f1\u00eda en Galicia.<\/p>\n","protected":false},"author":3,"featured_media":17435,"comment_status":"open","ping_status":"closed","sticky":false,"template":"","format":"standard","meta":{"_acf_changed":false,"footnotes":""},"categories":[115],"tags":[],"class_list":["post-17434","post","type-post","status-publish","format-standard","has-post-thumbnail","hentry","category-uncategorized-gl"],"acf":[],"yoast_head":"<!-- This site is optimized with the Yoast SEO plugin v25.9 - https:\/\/yoast.com\/wordpress\/plugins\/seo\/ -->\n<title>El Subsecretario de Pesca de la Naci\u00f3n Argentina visita la sede central de Argenova - Nueva Pescanova<\/title>\n<meta name=\"robots\" content=\"index, follow, max-snippet:-1, max-image-preview:large, max-video-preview:-1\" \/>\n<link rel=\"canonical\" href=\"https:\/\/www.nuevapescanova.com\/gl\/2018\/10\/05\/el-subsecretario-de-pesca-de-la-nacion-argentina-visita-la-sede-central-de-argenova\/\" \/>\n<meta property=\"og:locale\" content=\"gl_ES\" \/>\n<meta property=\"og:type\" content=\"article\" \/>\n<meta property=\"og:title\" content=\"El Subsecretario de Pesca de la Naci\u00f3n Argentina visita la sede central de Argenova - Nueva Pescanova\" \/>\n<meta property=\"og:description\" content=\"El Subsecretario de Pesca de la Provincia argentina de Santa Cruz tambi\u00e9n ha acudido al encuentro en la sede central de la compa\u00f1\u00eda en Galicia.\" \/>\n<meta property=\"og:url\" content=\"https:\/\/www.nuevapescanova.com\/gl\/2018\/10\/05\/el-subsecretario-de-pesca-de-la-nacion-argentina-visita-la-sede-central-de-argenova\/\" \/>\n<meta property=\"og:site_name\" content=\"Nueva Pescanova\" \/>\n<meta property=\"article:published_time\" content=\"2018-10-05T09:56:25+00:00\" \/>\n<meta property=\"og:image\" content=\"https:\/\/www.nuevapescanova.com\/nuevapescanova\/wp-content\/uploads\/2018\/10\/Grupo-Nueva-Pescanova_Visita-Argentina-1024x683.jpg\" \/>\n\t<meta property=\"og:image:width\" content=\"1024\" \/>\n\t<meta property=\"og:image:height\" content=\"683\" \/>\n\t<meta property=\"og:image:type\" content=\"image\/jpeg\" \/>\n<meta name=\"author\" content=\"comunicacion\" \/>\n<meta name=\"twitter:card\" content=\"summary_large_image\" \/>\n<meta name=\"twitter:creator\" content=\"@PescanovaCorp\" \/>\n<meta name=\"twitter:site\" content=\"@PescanovaCorp\" \/>\n<meta name=\"twitter:label1\" content=\"Written by\" \/>\n\t<meta name=\"twitter:data1\" content=\"comunicacion\" \/>\n\t<meta name=\"twitter:label2\" content=\"Est. reading time\" \/>\n\t<meta name=\"twitter:data2\" content=\"1 minute\" \/>\n<script type=\"application\/ld+json\" class=\"yoast-schema-graph\">{\"@context\":\"https:\/\/schema.org\",\"@graph\":[{\"@type\":\"Article\",\"@id\":\"https:\/\/www.nuevapescanova.com\/gl\/2018\/10\/05\/el-subsecretario-de-pesca-de-la-nacion-argentina-visita-la-sede-central-de-argenova\/#article\",\"isPartOf\":{\"@id\":\"https:\/\/www.nuevapescanova.com\/gl\/2018\/10\/05\/el-subsecretario-de-pesca-de-la-nacion-argentina-visita-la-sede-central-de-argenova\/\"},\"author\":{\"name\":\"comunicacion\",\"@id\":\"https:\/\/www.nuevapescanova.com\/#\/schema\/person\/8b41cffabb9cfabdc36581e6839e1355\"},\"headline\":\"El Subsecretario de Pesca de la Naci\u00f3n Argentina visita la sede central de Argenova\",\"datePublished\":\"2018-10-05T09:56:25+00:00\",\"mainEntityOfPage\":{\"@id\":\"https:\/\/www.nuevapescanova.com\/gl\/2018\/10\/05\/el-subsecretario-de-pesca-de-la-nacion-argentina-visita-la-sede-central-de-argenova\/\"},\"wordCount\":238,\"commentCount\":0,\"publisher\":{\"@id\":\"https:\/\/www.nuevapescanova.com\/#organization\"},\"image\":{\"@id\":\"https:\/\/www.nuevapescanova.com\/gl\/2018\/10\/05\/el-subsecretario-de-pesca-de-la-nacion-argentina-visita-la-sede-central-de-argenova\/#primaryimage\"},\"thumbnailUrl\":\"https:\/\/www.nuevapescanova.com\/nuevapescanova\/wp-content\/uploads\/2018\/10\/Grupo-Nueva-Pescanova_Visita-Argentina.jpg\",\"articleSection\":[\"Uncategorized @gl\"],\"inLanguage\":\"gl-ES\",\"potentialAction\":[{\"@type\":\"CommentAction\",\"name\":\"Comment\",\"target\":[\"https:\/\/www.nuevapescanova.com\/gl\/2018\/10\/05\/el-subsecretario-de-pesca-de-la-nacion-argentina-visita-la-sede-central-de-argenova\/#respond\"]}]},{\"@type\":\"WebPage\",\"@id\":\"https:\/\/www.nuevapescanova.com\/gl\/2018\/10\/05\/el-subsecretario-de-pesca-de-la-nacion-argentina-visita-la-sede-central-de-argenova\/\",\"url\":\"https:\/\/www.nuevapescanova.com\/gl\/2018\/10\/05\/el-subsecretario-de-pesca-de-la-nacion-argentina-visita-la-sede-central-de-argenova\/\",\"name\":\"El Subsecretario de Pesca de la Naci\u00f3n Argentina visita la sede central de Argenova - Nueva Pescanova\",\"isPartOf\":{\"@id\":\"https:\/\/www.nuevapescanova.com\/#website\"},\"primaryImageOfPage\":{\"@id\":\"https:\/\/www.nuevapescanova.com\/gl\/2018\/10\/05\/el-subsecretario-de-pesca-de-la-nacion-argentina-visita-la-sede-central-de-argenova\/#primaryimage\"},\"image\":{\"@id\":\"https:\/\/www.nuevapescanova.com\/gl\/2018\/10\/05\/el-subsecretario-de-pesca-de-la-nacion-argentina-visita-la-sede-central-de-argenova\/#primaryimage\"},\"thumbnailUrl\":\"https:\/\/www.nuevapescanova.com\/nuevapescanova\/wp-content\/uploads\/2018\/10\/Grupo-Nueva-Pescanova_Visita-Argentina.jpg\",\"datePublished\":\"2018-10-05T09:56:25+00:00\",\"breadcrumb\":{\"@id\":\"https:\/\/www.nuevapescanova.com\/gl\/2018\/10\/05\/el-subsecretario-de-pesca-de-la-nacion-argentina-visita-la-sede-central-de-argenova\/#breadcrumb\"},\"inLanguage\":\"gl-ES\",\"potentialAction\":[{\"@type\":\"ReadAction\",\"target\":[\"https:\/\/www.nuevapescanova.com\/gl\/2018\/10\/05\/el-subsecretario-de-pesca-de-la-nacion-argentina-visita-la-sede-central-de-argenova\/\"]}]},{\"@type\":\"ImageObject\",\"inLanguage\":\"gl-ES\",\"@id\":\"https:\/\/www.nuevapescanova.com\/gl\/2018\/10\/05\/el-subsecretario-de-pesca-de-la-nacion-argentina-visita-la-sede-central-de-argenova\/#primaryimage\",\"url\":\"https:\/\/www.nuevapescanova.com\/nuevapescanova\/wp-content\/uploads\/2018\/10\/Grupo-Nueva-Pescanova_Visita-Argentina.jpg\",\"contentUrl\":\"https:\/\/www.nuevapescanova.com\/nuevapescanova\/wp-content\/uploads\/2018\/10\/Grupo-Nueva-Pescanova_Visita-Argentina.jpg\",\"width\":5390,\"height\":3593},{\"@type\":\"BreadcrumbList\",\"@id\":\"https:\/\/www.nuevapescanova.com\/gl\/2018\/10\/05\/el-subsecretario-de-pesca-de-la-nacion-argentina-visita-la-sede-central-de-argenova\/#breadcrumb\",\"itemListElement\":[{\"@type\":\"ListItem\",\"position\":1,\"name\":\"Portada\",\"item\":\"https:\/\/www.nuevapescanova.com\/gl\/\"},{\"@type\":\"ListItem\",\"position\":2,\"name\":\"El Subsecretario de Pesca de la Naci\u00f3n Argentina visita la sede central de Argenova\"}]},{\"@type\":\"WebSite\",\"@id\":\"https:\/\/www.nuevapescanova.com\/#website\",\"url\":\"https:\/\/www.nuevapescanova.com\/\",\"name\":\"Nueva Pescanova\",\"description\":\"\",\"publisher\":{\"@id\":\"https:\/\/www.nuevapescanova.com\/#organization\"},\"potentialAction\":[{\"@type\":\"SearchAction\",\"target\":{\"@type\":\"EntryPoint\",\"urlTemplate\":\"https:\/\/www.nuevapescanova.com\/?s={search_term_string}\"},\"query-input\":{\"@type\":\"PropertyValueSpecification\",\"valueRequired\":true,\"valueName\":\"search_term_string\"}}],\"inLanguage\":\"gl-ES\"},{\"@type\":\"Organization\",\"@id\":\"https:\/\/www.nuevapescanova.com\/#organization\",\"name\":\"Nueva Pescanova\",\"url\":\"https:\/\/www.nuevapescanova.com\/\",\"logo\":{\"@type\":\"ImageObject\",\"inLanguage\":\"gl-ES\",\"@id\":\"https:\/\/www.nuevapescanova.com\/#\/schema\/logo\/image\/\",\"url\":\"https:\/\/www.nuevapescanova.com\/nuevapescanova\/wp-content\/uploads\/2023\/06\/Logo-Grupo-Nueva-Pescanova.jpg\",\"contentUrl\":\"https:\/\/www.nuevapescanova.com\/nuevapescanova\/wp-content\/uploads\/2023\/06\/Logo-Grupo-Nueva-Pescanova.jpg\",\"width\":800,\"height\":398,\"caption\":\"Nueva Pescanova\"},\"image\":{\"@id\":\"https:\/\/www.nuevapescanova.com\/#\/schema\/logo\/image\/\"},\"sameAs\":[\"https:\/\/x.com\/PescanovaCorp\",\"https:\/\/www.linkedin.com\/company\/nuevapescanova\/?originalSubdomain=es\"]},{\"@type\":\"Person\",\"@id\":\"https:\/\/www.nuevapescanova.com\/#\/schema\/person\/8b41cffabb9cfabdc36581e6839e1355\",\"name\":\"comunicacion\",\"image\":{\"@type\":\"ImageObject\",\"inLanguage\":\"gl-ES\",\"@id\":\"https:\/\/www.nuevapescanova.com\/#\/schema\/person\/image\/\",\"url\":\"https:\/\/secure.gravatar.com\/avatar\/3fdcb11972dd7c0cd6446cd61a4272e550ae23f4f17e8fd88e778f026d3e0748?s=96&d=mm&r=g\",\"contentUrl\":\"https:\/\/secure.gravatar.com\/avatar\/3fdcb11972dd7c0cd6446cd61a4272e550ae23f4f17e8fd88e778f026d3e0748?s=96&d=mm&r=g\",\"caption\":\"comunicacion\"},\"url\":\"https:\/\/www.nuevapescanova.com\/gl\/author\/comunicacion\/\"}]}<\/script>\n<!-- \/ Yoast SEO plugin. -->","yoast_head_json":{"title":"El Subsecretario de Pesca de la Naci\u00f3n Argentina visita la sede central de Argenova - Nueva Pescanova","robots":{"index":"index","follow":"follow","max-snippet":"max-snippet:-1","max-image-preview":"max-image-preview:large","max-video-preview":"max-video-preview:-1"},"canonical":"https:\/\/www.nuevapescanova.com\/gl\/2018\/10\/05\/el-subsecretario-de-pesca-de-la-nacion-argentina-visita-la-sede-central-de-argenova\/","og_locale":"gl_ES","og_type":"article","og_title":"El Subsecretario de Pesca de la Naci\u00f3n Argentina visita la sede central de Argenova - Nueva Pescanova","og_description":"El Subsecretario de Pesca de la Provincia argentina de Santa Cruz tambi\u00e9n ha acudido al encuentro en la sede central de la compa\u00f1\u00eda en Galicia.","og_url":"https:\/\/www.nuevapescanova.com\/gl\/2018\/10\/05\/el-subsecretario-de-pesca-de-la-nacion-argentina-visita-la-sede-central-de-argenova\/","og_site_name":"Nueva Pescanova","article_published_time":"2018-10-05T09:56:25+00:00","og_image":[{"width":1024,"height":683,"url":"https:\/\/www.nuevapescanova.com\/nuevapescanova\/wp-content\/uploads\/2018\/10\/Grupo-Nueva-Pescanova_Visita-Argentina-1024x683.jpg","type":"image\/jpeg"}],"author":"comunicacion","twitter_card":"summary_large_image","twitter_creator":"@PescanovaCorp","twitter_site":"@PescanovaCorp","twitter_misc":{"Written by":"comunicacion","Est. reading time":"1 minute"},"schema":{"@context":"https:\/\/schema.org","@graph":[{"@type":"Article","@id":"https:\/\/www.nuevapescanova.com\/gl\/2018\/10\/05\/el-subsecretario-de-pesca-de-la-nacion-argentina-visita-la-sede-central-de-argenova\/#article","isPartOf":{"@id":"https:\/\/www.nuevapescanova.com\/gl\/2018\/10\/05\/el-subsecretario-de-pesca-de-la-nacion-argentina-visita-la-sede-central-de-argenova\/"},"author":{"name":"comunicacion","@id":"https:\/\/www.nuevapescanova.com\/#\/schema\/person\/8b41cffabb9cfabdc36581e6839e1355"},"headline":"El Subsecretario de Pesca de la Naci\u00f3n Argentina visita la sede central de Argenova","datePublished":"2018-10-05T09:56:25+00:00","mainEntityOfPage":{"@id":"https:\/\/www.nuevapescanova.com\/gl\/2018\/10\/05\/el-subsecretario-de-pesca-de-la-nacion-argentina-visita-la-sede-central-de-argenova\/"},"wordCount":238,"commentCount":0,"publisher":{"@id":"https:\/\/www.nuevapescanova.com\/#organization"},"image":{"@id":"https:\/\/www.nuevapescanova.com\/gl\/2018\/10\/05\/el-subsecretario-de-pesca-de-la-nacion-argentina-visita-la-sede-central-de-argenova\/#primaryimage"},"thumbnailUrl":"https:\/\/www.nuevapescanova.com\/nuevapescanova\/wp-content\/uploads\/2018\/10\/Grupo-Nueva-Pescanova_Visita-Argentina.jpg","articleSection":["Uncategorized @gl"],"inLanguage":"gl-ES","potentialAction":[{"@type":"CommentAction","name":"Comment","target":["https:\/\/www.nuevapescanova.com\/gl\/2018\/10\/05\/el-subsecretario-de-pesca-de-la-nacion-argentina-visita-la-sede-central-de-argenova\/#respond"]}]},{"@type":"WebPage","@id":"https:\/\/www.nuevapescanova.com\/gl\/2018\/10\/05\/el-subsecretario-de-pesca-de-la-nacion-argentina-visita-la-sede-central-de-argenova\/","url":"https:\/\/www.nuevapescanova.com\/gl\/2018\/10\/05\/el-subsecretario-de-pesca-de-la-nacion-argentina-visita-la-sede-central-de-argenova\/","name":"El Subsecretario de Pesca de la Naci\u00f3n Argentina visita la sede central de Argenova - Nueva Pescanova","isPartOf":{"@id":"https:\/\/www.nuevapescanova.com\/#website"},"primaryImageOfPage":{"@id":"https:\/\/www.nuevapescanova.com\/gl\/2018\/10\/05\/el-subsecretario-de-pesca-de-la-nacion-argentina-visita-la-sede-central-de-argenova\/#primaryimage"},"image":{"@id":"https:\/\/www.nuevapescanova.com\/gl\/2018\/10\/05\/el-subsecretario-de-pesca-de-la-nacion-argentina-visita-la-sede-central-de-argenova\/#primaryimage"},"thumbnailUrl":"https:\/\/www.nuevapescanova.com\/nuevapescanova\/wp-content\/uploads\/2018\/10\/Grupo-Nueva-Pescanova_Visita-Argentina.jpg","datePublished":"2018-10-05T09:56:25+00:00","breadcrumb":{"@id":"https:\/\/www.nuevapescanova.com\/gl\/2018\/10\/05\/el-subsecretario-de-pesca-de-la-nacion-argentina-visita-la-sede-central-de-argenova\/#breadcrumb"},"inLanguage":"gl-ES","potentialAction":[{"@type":"ReadAction","target":["https:\/\/www.nuevapescanova.com\/gl\/2018\/10\/05\/el-subsecretario-de-pesca-de-la-nacion-argentina-visita-la-sede-central-de-argenova\/"]}]},{"@type":"ImageObject","inLanguage":"gl-ES","@id":"https:\/\/www.nuevapescanova.com\/gl\/2018\/10\/05\/el-subsecretario-de-pesca-de-la-nacion-argentina-visita-la-sede-central-de-argenova\/#primaryimage","url":"https:\/\/www.nuevapescanova.com\/nuevapescanova\/wp-content\/uploads\/2018\/10\/Grupo-Nueva-Pescanova_Visita-Argentina.jpg","contentUrl":"https:\/\/www.nuevapescanova.com\/nuevapescanova\/wp-content\/uploads\/2018\/10\/Grupo-Nueva-Pescanova_Visita-Argentina.jpg","width":5390,"height":3593},{"@type":"BreadcrumbList","@id":"https:\/\/www.nuevapescanova.com\/gl\/2018\/10\/05\/el-subsecretario-de-pesca-de-la-nacion-argentina-visita-la-sede-central-de-argenova\/#breadcrumb","itemListElement":[{"@type":"ListItem","position":1,"name":"Portada","item":"https:\/\/www.nuevapescanova.com\/gl\/"},{"@type":"ListItem","position":2,"name":"El Subsecretario de Pesca de la Naci\u00f3n Argentina visita la sede central de Argenova"}]},{"@type":"WebSite","@id":"https:\/\/www.nuevapescanova.com\/#website","url":"https:\/\/www.nuevapescanova.com\/","name":"Nueva Pescanova","description":"","publisher":{"@id":"https:\/\/www.nuevapescanova.com\/#organization"},"potentialAction":[{"@type":"SearchAction","target":{"@type":"EntryPoint","urlTemplate":"https:\/\/www.nuevapescanova.com\/?s={search_term_string}"},"query-input":{"@type":"PropertyValueSpecification","valueRequired":true,"valueName":"search_term_string"}}],"inLanguage":"gl-ES"},{"@type":"Organization","@id":"https:\/\/www.nuevapescanova.com\/#organization","name":"Nueva Pescanova","url":"https:\/\/www.nuevapescanova.com\/","logo":{"@type":"ImageObject","inLanguage":"gl-ES","@id":"https:\/\/www.nuevapescanova.com\/#\/schema\/logo\/image\/","url":"https:\/\/www.nuevapescanova.com\/nuevapescanova\/wp-content\/uploads\/2023\/06\/Logo-Grupo-Nueva-Pescanova.jpg","contentUrl":"https:\/\/www.nuevapescanova.com\/nuevapescanova\/wp-content\/uploads\/2023\/06\/Logo-Grupo-Nueva-Pescanova.jpg","width":800,"height":398,"caption":"Nueva Pescanova"},"image":{"@id":"https:\/\/www.nuevapescanova.com\/#\/schema\/logo\/image\/"},"sameAs":["https:\/\/x.com\/PescanovaCorp","https:\/\/www.linkedin.com\/company\/nuevapescanova\/?originalSubdomain=es"]},{"@type":"Person","@id":"https:\/\/www.nuevapescanova.com\/#\/schema\/person\/8b41cffabb9cfabdc36581e6839e1355","name":"comunicacion","image":{"@type":"ImageObject","inLanguage":"gl-ES","@id":"https:\/\/www.nuevapescanova.com\/#\/schema\/person\/image\/","url":"https:\/\/secure.gravatar.com\/avatar\/3fdcb11972dd7c0cd6446cd61a4272e550ae23f4f17e8fd88e778f026d3e0748?s=96&d=mm&r=g","contentUrl":"https:\/\/secure.gravatar.com\/avatar\/3fdcb11972dd7c0cd6446cd61a4272e550ae23f4f17e8fd88e778f026d3e0748?s=96&d=mm&r=g","caption":"comunicacion"},"url":"https:\/\/www.nuevapescanova.com\/gl\/author\/comunicacion\/"}]}},"_links":{"self":[{"href":"https:\/\/www.nuevapescanova.com\/gl\/wp-json\/wp\/v2\/posts\/17434","targetHints":{"allow":["GET"]}}],"collection":[{"href":"https:\/\/www.nuevapescanova.com\/gl\/wp-json\/wp\/v2\/posts"}],"about":[{"href":"https:\/\/www.nuevapescanova.com\/gl\/wp-json\/wp\/v2\/types\/post"}],"author":[{"embeddable":true,"href":"https:\/\/www.nuevapescanova.com\/gl\/wp-json\/wp\/v2\/users\/3"}],"replies":[{"embeddable":true,"href":"https:\/\/www.nuevapescanova.com\/gl\/wp-json\/wp\/v2\/comments?post=17434"}],"version-history":[{"count":0,"href":"https:\/\/www.nuevapescanova.com\/gl\/wp-json\/wp\/v2\/posts\/17434\/revisions"}],"wp:featuredmedia":[{"embeddable":true,"href":"https:\/\/www.nuevapescanova.com\/gl\/wp-json\/wp\/v2\/media\/17435"}],"wp:attachment":[{"href":"https:\/\/www.nuevapescanova.com\/gl\/wp-json\/wp\/v2\/media?parent=17434"}],"wp:term":[{"taxonomy":"category","embeddable":true,"href":"https:\/\/www.nuevapescanova.com\/gl\/wp-json\/wp\/v2\/categories?post=17434"},{"taxonomy":"post_tag","embeddable":true,"href":"https:\/\/www.nuevapescanova.com\/gl\/wp-json\/wp\/v2\/tags?post=17434"}],"curies":[{"name":"wp","href":"https:\/\/api.w.org\/{rel}","templated":true}]}}