{"id":17474,"date":"2019-07-01T09:37:47","date_gmt":"2019-07-01T09:37:47","guid":{"rendered":"http:\/\/www.nuevapescanova.com\/2019\/07\/01\/el-grupo-nueva-pescanova-recibe-el-premio-empresa-social-por-el-proyecto-la-ciudad-que-nacio-del-mar\/"},"modified":"2019-07-01T09:37:47","modified_gmt":"2019-07-01T09:37:47","slug":"el-grupo-nueva-pescanova-recibe-el-premio-empresa-social-por-el-proyecto-la-ciudad-que-nacio-del-mar","status":"publish","type":"post","link":"https:\/\/www.nuevapescanova.com\/gl\/2019\/07\/01\/el-grupo-nueva-pescanova-recibe-el-premio-empresa-social-por-el-proyecto-la-ciudad-que-nacio-del-mar\/","title":{"rendered":"El Grupo Nueva Pescanova recibe el  Premio Empresa Social por el proyecto  \u201cLa Ciudad que Naci\u00f3 del Mar\u201d"},"content":{"rendered":"\n<p><strong>Vigo, 1 de julio de 2019.-<\/strong>&nbsp;El Grupo Nueva Pescanova ha recibido, en el Teatro Infanta Isabel\nde Madrid, el <strong>Premio Empresa Social<\/strong> en\nla categor\u00eda de <strong>Mejor Proyecto de\nResponsabilidad Social Corporativa en el sector Alimentaci\u00f3n<\/strong> por <strong>\u201cLa Ciudad que Naci\u00f3 del Mar\u201d,<\/strong> un\nproyecto audiovisual compuesto por un <strong>documental<\/strong>\nde 30 minutos y <strong>7 p\u00edldoras audiovisuales<\/strong>\nde 1 minuto de duraci\u00f3n cada una. El documental narra\nel progreso de L\u00fcderitz, una peque\u00f1a localidad entre el desierto y el mar en el\nsur de Namibia, que ha renacido gracias al impulso de la industria pesquera\ntras la llegada de Pescanova hace casi 30 a\u00f1os y es hoy un lugar de\noportunidades para su gente.<\/p>\n\n\n\n<p>Basado en personajes e historias reales, entre\nellas la de Nelago Kwedhi \u2013la primera mujer de Namibia en conseguir el t\u00edtulo\nde capitana de barco\u2014 muestra c\u00f3mo sus habitantes gozan de oportunidades que\nhan hecho de esta ciudad un lugar pionero en cuestiones de igualdad,\nsostenibilidad y prosperidad. Una historia humana, de hombres y mujeres que han\ndemostrado que es posible construir un futuro entre el desierto y el oc\u00e9ano.\nUna sociedad que crece y prospera a partir de la filosof\u00eda de una compa\u00f1\u00eda.<\/p>\n\n\n\n<p>Actualmente, el Grupo Nueva Pescanova cuenta\ncon dos filiales en Namibia, Novanam y Lalandii, a trav\u00e9s de las que da empleo\na m\u00e1s de 2.100 personas, ofrece becas de estudio para los hijos de sus\nempleados y ha construido viviendas, guarder\u00edas para los hijos de empleados y\nparques infantiles. \u201cLa Ciudad que Naci\u00f3 del Mar\u201d es una historia de superaci\u00f3n\ny de sue\u00f1os conseguidos.<\/p>\n\n\n\n<p>El caso de L\u00fcderitz es extrapolable a otras muchas comunidades en las que Grupo Nueva Pescanova est\u00e1 presente. La compa\u00f1\u00eda ha desarrollado m\u00e1s de 200 proyectos de responsabilidad social corporativa en m\u00e1s de 20 pa\u00edses. Entre los pilares que conforman su pol\u00edtica de RSC se encuentran la protecci\u00f3n del medio ambiente y sostenibilidad de las operaciones, el desarrollo personal y profesional de los empleados del Grupo, el compromiso con los mercados a trav\u00e9s de sus productos y la contribuci\u00f3n a la mejora de la calidad de vida de las comunidades en las que opera.<\/p>\n\n\n\n<p>El documental est\u00e1 alojado en la p\u00e1gina web <strong><a href=\"http:\/\/www.laciudadquenaciodelmar.com\">www.laciudadquenaciodelmar.com<\/a><\/strong><\/p>\n\n\n\n<p><em>Pie de foto: Tesa D\u00edaz-Faes, directora de\nComunicaci\u00f3n y \u00c1ngel Matamoro, Director de Responsabilidad Social Corporativa\nde Grupo Nueva Pescanova, han sido los encargados de recoger el galard\u00f3n. <\/em><\/p>\n","protected":false},"excerpt":{"rendered":"<p>Vigo, 1 de julio de 2019.-&nbsp;El Grupo Nueva Pescanova ha recibido, en el Teatro Infanta Isabel de Madrid, el Premio Empresa Social en la categor\u00eda de<span class=\"excerpt-hellip\"> [\u2026]<\/span><\/p>\n","protected":false},"author":3,"featured_media":17475,"comment_status":"open","ping_status":"closed","sticky":false,"template":"","format":"standard","meta":{"_acf_changed":false,"footnotes":""},"categories":[115],"tags":[],"class_list":["post-17474","post","type-post","status-publish","format-standard","has-post-thumbnail","hentry","category-uncategorized-gl"],"acf":[],"yoast_head":"<!-- This site is optimized with the Yoast SEO plugin v25.9 - https:\/\/yoast.com\/wordpress\/plugins\/seo\/ -->\n<title>El Grupo Nueva Pescanova recibe el Premio Empresa Social por el proyecto \u201cLa Ciudad que Naci\u00f3 del Mar\u201d - Nueva Pescanova<\/title>\n<meta name=\"robots\" content=\"index, follow, max-snippet:-1, max-image-preview:large, max-video-preview:-1\" \/>\n<link rel=\"canonical\" href=\"https:\/\/www.nuevapescanova.com\/gl\/2019\/07\/01\/el-grupo-nueva-pescanova-recibe-el-premio-empresa-social-por-el-proyecto-la-ciudad-que-nacio-del-mar\/\" \/>\n<meta property=\"og:locale\" content=\"gl_ES\" \/>\n<meta property=\"og:type\" content=\"article\" \/>\n<meta property=\"og:title\" content=\"El Grupo Nueva Pescanova recibe el Premio Empresa Social por el proyecto \u201cLa Ciudad que Naci\u00f3 del Mar\u201d - Nueva Pescanova\" \/>\n<meta property=\"og:description\" content=\"Vigo, 1 de julio de 2019.-&nbsp;El Grupo Nueva Pescanova ha recibido, en el Teatro Infanta Isabel de Madrid, el Premio Empresa Social en la categor\u00eda de [\u2026]\" \/>\n<meta property=\"og:url\" content=\"https:\/\/www.nuevapescanova.com\/gl\/2019\/07\/01\/el-grupo-nueva-pescanova-recibe-el-premio-empresa-social-por-el-proyecto-la-ciudad-que-nacio-del-mar\/\" \/>\n<meta property=\"og:site_name\" content=\"Nueva Pescanova\" \/>\n<meta property=\"article:published_time\" content=\"2019-07-01T09:37:47+00:00\" \/>\n<meta property=\"og:image\" content=\"https:\/\/www.nuevapescanova.com\/nuevapescanova\/wp-content\/uploads\/2019\/07\/Grupo-Nueva-Pescanova-premio-Empresa-Social.jpg\" \/>\n\t<meta property=\"og:image:width\" content=\"1500\" \/>\n\t<meta property=\"og:image:height\" content=\"1200\" \/>\n\t<meta property=\"og:image:type\" content=\"image\/jpeg\" \/>\n<meta name=\"author\" content=\"comunicacion\" \/>\n<meta name=\"twitter:card\" content=\"summary_large_image\" \/>\n<meta name=\"twitter:creator\" content=\"@PescanovaCorp\" \/>\n<meta name=\"twitter:site\" content=\"@PescanovaCorp\" \/>\n<meta name=\"twitter:label1\" content=\"Written by\" \/>\n\t<meta name=\"twitter:data1\" content=\"comunicacion\" \/>\n\t<meta name=\"twitter:label2\" content=\"Est. reading time\" \/>\n\t<meta name=\"twitter:data2\" content=\"2 minutes\" \/>\n<script type=\"application\/ld+json\" class=\"yoast-schema-graph\">{\"@context\":\"https:\/\/schema.org\",\"@graph\":[{\"@type\":\"Article\",\"@id\":\"https:\/\/www.nuevapescanova.com\/gl\/2019\/07\/01\/el-grupo-nueva-pescanova-recibe-el-premio-empresa-social-por-el-proyecto-la-ciudad-que-nacio-del-mar\/#article\",\"isPartOf\":{\"@id\":\"https:\/\/www.nuevapescanova.com\/gl\/2019\/07\/01\/el-grupo-nueva-pescanova-recibe-el-premio-empresa-social-por-el-proyecto-la-ciudad-que-nacio-del-mar\/\"},\"author\":{\"name\":\"comunicacion\",\"@id\":\"https:\/\/www.nuevapescanova.com\/#\/schema\/person\/8b41cffabb9cfabdc36581e6839e1355\"},\"headline\":\"El Grupo Nueva Pescanova recibe el Premio Empresa Social por el proyecto \u201cLa Ciudad que Naci\u00f3 del Mar\u201d\",\"datePublished\":\"2019-07-01T09:37:47+00:00\",\"mainEntityOfPage\":{\"@id\":\"https:\/\/www.nuevapescanova.com\/gl\/2019\/07\/01\/el-grupo-nueva-pescanova-recibe-el-premio-empresa-social-por-el-proyecto-la-ciudad-que-nacio-del-mar\/\"},\"wordCount\":437,\"commentCount\":0,\"publisher\":{\"@id\":\"https:\/\/www.nuevapescanova.com\/#organization\"},\"image\":{\"@id\":\"https:\/\/www.nuevapescanova.com\/gl\/2019\/07\/01\/el-grupo-nueva-pescanova-recibe-el-premio-empresa-social-por-el-proyecto-la-ciudad-que-nacio-del-mar\/#primaryimage\"},\"thumbnailUrl\":\"https:\/\/www.nuevapescanova.com\/nuevapescanova\/wp-content\/uploads\/2019\/07\/Grupo-Nueva-Pescanova-premio-Empresa-Social.jpg\",\"articleSection\":[\"Uncategorized @gl\"],\"inLanguage\":\"gl-ES\",\"potentialAction\":[{\"@type\":\"CommentAction\",\"name\":\"Comment\",\"target\":[\"https:\/\/www.nuevapescanova.com\/gl\/2019\/07\/01\/el-grupo-nueva-pescanova-recibe-el-premio-empresa-social-por-el-proyecto-la-ciudad-que-nacio-del-mar\/#respond\"]}]},{\"@type\":\"WebPage\",\"@id\":\"https:\/\/www.nuevapescanova.com\/gl\/2019\/07\/01\/el-grupo-nueva-pescanova-recibe-el-premio-empresa-social-por-el-proyecto-la-ciudad-que-nacio-del-mar\/\",\"url\":\"https:\/\/www.nuevapescanova.com\/gl\/2019\/07\/01\/el-grupo-nueva-pescanova-recibe-el-premio-empresa-social-por-el-proyecto-la-ciudad-que-nacio-del-mar\/\",\"name\":\"El Grupo Nueva Pescanova recibe el Premio Empresa Social por el proyecto \u201cLa Ciudad que Naci\u00f3 del Mar\u201d - Nueva Pescanova\",\"isPartOf\":{\"@id\":\"https:\/\/www.nuevapescanova.com\/#website\"},\"primaryImageOfPage\":{\"@id\":\"https:\/\/www.nuevapescanova.com\/gl\/2019\/07\/01\/el-grupo-nueva-pescanova-recibe-el-premio-empresa-social-por-el-proyecto-la-ciudad-que-nacio-del-mar\/#primaryimage\"},\"image\":{\"@id\":\"https:\/\/www.nuevapescanova.com\/gl\/2019\/07\/01\/el-grupo-nueva-pescanova-recibe-el-premio-empresa-social-por-el-proyecto-la-ciudad-que-nacio-del-mar\/#primaryimage\"},\"thumbnailUrl\":\"https:\/\/www.nuevapescanova.com\/nuevapescanova\/wp-content\/uploads\/2019\/07\/Grupo-Nueva-Pescanova-premio-Empresa-Social.jpg\",\"datePublished\":\"2019-07-01T09:37:47+00:00\",\"breadcrumb\":{\"@id\":\"https:\/\/www.nuevapescanova.com\/gl\/2019\/07\/01\/el-grupo-nueva-pescanova-recibe-el-premio-empresa-social-por-el-proyecto-la-ciudad-que-nacio-del-mar\/#breadcrumb\"},\"inLanguage\":\"gl-ES\",\"potentialAction\":[{\"@type\":\"ReadAction\",\"target\":[\"https:\/\/www.nuevapescanova.com\/gl\/2019\/07\/01\/el-grupo-nueva-pescanova-recibe-el-premio-empresa-social-por-el-proyecto-la-ciudad-que-nacio-del-mar\/\"]}]},{\"@type\":\"ImageObject\",\"inLanguage\":\"gl-ES\",\"@id\":\"https:\/\/www.nuevapescanova.com\/gl\/2019\/07\/01\/el-grupo-nueva-pescanova-recibe-el-premio-empresa-social-por-el-proyecto-la-ciudad-que-nacio-del-mar\/#primaryimage\",\"url\":\"https:\/\/www.nuevapescanova.com\/nuevapescanova\/wp-content\/uploads\/2019\/07\/Grupo-Nueva-Pescanova-premio-Empresa-Social.jpg\",\"contentUrl\":\"https:\/\/www.nuevapescanova.com\/nuevapescanova\/wp-content\/uploads\/2019\/07\/Grupo-Nueva-Pescanova-premio-Empresa-Social.jpg\",\"width\":1500,\"height\":1200},{\"@type\":\"BreadcrumbList\",\"@id\":\"https:\/\/www.nuevapescanova.com\/gl\/2019\/07\/01\/el-grupo-nueva-pescanova-recibe-el-premio-empresa-social-por-el-proyecto-la-ciudad-que-nacio-del-mar\/#breadcrumb\",\"itemListElement\":[{\"@type\":\"ListItem\",\"position\":1,\"name\":\"Portada\",\"item\":\"https:\/\/www.nuevapescanova.com\/gl\/\"},{\"@type\":\"ListItem\",\"position\":2,\"name\":\"El Grupo Nueva Pescanova recibe el Premio Empresa Social por el proyecto \u201cLa Ciudad que Naci\u00f3 del Mar\u201d\"}]},{\"@type\":\"WebSite\",\"@id\":\"https:\/\/www.nuevapescanova.com\/#website\",\"url\":\"https:\/\/www.nuevapescanova.com\/\",\"name\":\"Nueva Pescanova\",\"description\":\"\",\"publisher\":{\"@id\":\"https:\/\/www.nuevapescanova.com\/#organization\"},\"potentialAction\":[{\"@type\":\"SearchAction\",\"target\":{\"@type\":\"EntryPoint\",\"urlTemplate\":\"https:\/\/www.nuevapescanova.com\/?s={search_term_string}\"},\"query-input\":{\"@type\":\"PropertyValueSpecification\",\"valueRequired\":true,\"valueName\":\"search_term_string\"}}],\"inLanguage\":\"gl-ES\"},{\"@type\":\"Organization\",\"@id\":\"https:\/\/www.nuevapescanova.com\/#organization\",\"name\":\"Nueva Pescanova\",\"url\":\"https:\/\/www.nuevapescanova.com\/\",\"logo\":{\"@type\":\"ImageObject\",\"inLanguage\":\"gl-ES\",\"@id\":\"https:\/\/www.nuevapescanova.com\/#\/schema\/logo\/image\/\",\"url\":\"https:\/\/www.nuevapescanova.com\/nuevapescanova\/wp-content\/uploads\/2023\/06\/Logo-Grupo-Nueva-Pescanova.jpg\",\"contentUrl\":\"https:\/\/www.nuevapescanova.com\/nuevapescanova\/wp-content\/uploads\/2023\/06\/Logo-Grupo-Nueva-Pescanova.jpg\",\"width\":800,\"height\":398,\"caption\":\"Nueva Pescanova\"},\"image\":{\"@id\":\"https:\/\/www.nuevapescanova.com\/#\/schema\/logo\/image\/\"},\"sameAs\":[\"https:\/\/x.com\/PescanovaCorp\",\"https:\/\/www.linkedin.com\/company\/nuevapescanova\/?originalSubdomain=es\"]},{\"@type\":\"Person\",\"@id\":\"https:\/\/www.nuevapescanova.com\/#\/schema\/person\/8b41cffabb9cfabdc36581e6839e1355\",\"name\":\"comunicacion\",\"image\":{\"@type\":\"ImageObject\",\"inLanguage\":\"gl-ES\",\"@id\":\"https:\/\/www.nuevapescanova.com\/#\/schema\/person\/image\/\",\"url\":\"https:\/\/secure.gravatar.com\/avatar\/3fdcb11972dd7c0cd6446cd61a4272e550ae23f4f17e8fd88e778f026d3e0748?s=96&d=mm&r=g\",\"contentUrl\":\"https:\/\/secure.gravatar.com\/avatar\/3fdcb11972dd7c0cd6446cd61a4272e550ae23f4f17e8fd88e778f026d3e0748?s=96&d=mm&r=g\",\"caption\":\"comunicacion\"},\"url\":\"https:\/\/www.nuevapescanova.com\/gl\/author\/comunicacion\/\"}]}<\/script>\n<!-- \/ Yoast SEO plugin. -->","yoast_head_json":{"title":"El Grupo Nueva Pescanova recibe el Premio Empresa Social por el proyecto \u201cLa Ciudad que Naci\u00f3 del Mar\u201d - Nueva Pescanova","robots":{"index":"index","follow":"follow","max-snippet":"max-snippet:-1","max-image-preview":"max-image-preview:large","max-video-preview":"max-video-preview:-1"},"canonical":"https:\/\/www.nuevapescanova.com\/gl\/2019\/07\/01\/el-grupo-nueva-pescanova-recibe-el-premio-empresa-social-por-el-proyecto-la-ciudad-que-nacio-del-mar\/","og_locale":"gl_ES","og_type":"article","og_title":"El Grupo Nueva Pescanova recibe el Premio Empresa Social por el proyecto \u201cLa Ciudad que Naci\u00f3 del Mar\u201d - Nueva Pescanova","og_description":"Vigo, 1 de julio de 2019.-&nbsp;El Grupo Nueva Pescanova ha recibido, en el Teatro Infanta Isabel de Madrid, el Premio Empresa Social en la categor\u00eda de [\u2026]","og_url":"https:\/\/www.nuevapescanova.com\/gl\/2019\/07\/01\/el-grupo-nueva-pescanova-recibe-el-premio-empresa-social-por-el-proyecto-la-ciudad-que-nacio-del-mar\/","og_site_name":"Nueva Pescanova","article_published_time":"2019-07-01T09:37:47+00:00","og_image":[{"width":1500,"height":1200,"url":"https:\/\/www.nuevapescanova.com\/nuevapescanova\/wp-content\/uploads\/2019\/07\/Grupo-Nueva-Pescanova-premio-Empresa-Social.jpg","type":"image\/jpeg"}],"author":"comunicacion","twitter_card":"summary_large_image","twitter_creator":"@PescanovaCorp","twitter_site":"@PescanovaCorp","twitter_misc":{"Written by":"comunicacion","Est. reading time":"2 minutes"},"schema":{"@context":"https:\/\/schema.org","@graph":[{"@type":"Article","@id":"https:\/\/www.nuevapescanova.com\/gl\/2019\/07\/01\/el-grupo-nueva-pescanova-recibe-el-premio-empresa-social-por-el-proyecto-la-ciudad-que-nacio-del-mar\/#article","isPartOf":{"@id":"https:\/\/www.nuevapescanova.com\/gl\/2019\/07\/01\/el-grupo-nueva-pescanova-recibe-el-premio-empresa-social-por-el-proyecto-la-ciudad-que-nacio-del-mar\/"},"author":{"name":"comunicacion","@id":"https:\/\/www.nuevapescanova.com\/#\/schema\/person\/8b41cffabb9cfabdc36581e6839e1355"},"headline":"El Grupo Nueva Pescanova recibe el Premio Empresa Social por el proyecto \u201cLa Ciudad que Naci\u00f3 del Mar\u201d","datePublished":"2019-07-01T09:37:47+00:00","mainEntityOfPage":{"@id":"https:\/\/www.nuevapescanova.com\/gl\/2019\/07\/01\/el-grupo-nueva-pescanova-recibe-el-premio-empresa-social-por-el-proyecto-la-ciudad-que-nacio-del-mar\/"},"wordCount":437,"commentCount":0,"publisher":{"@id":"https:\/\/www.nuevapescanova.com\/#organization"},"image":{"@id":"https:\/\/www.nuevapescanova.com\/gl\/2019\/07\/01\/el-grupo-nueva-pescanova-recibe-el-premio-empresa-social-por-el-proyecto-la-ciudad-que-nacio-del-mar\/#primaryimage"},"thumbnailUrl":"https:\/\/www.nuevapescanova.com\/nuevapescanova\/wp-content\/uploads\/2019\/07\/Grupo-Nueva-Pescanova-premio-Empresa-Social.jpg","articleSection":["Uncategorized @gl"],"inLanguage":"gl-ES","potentialAction":[{"@type":"CommentAction","name":"Comment","target":["https:\/\/www.nuevapescanova.com\/gl\/2019\/07\/01\/el-grupo-nueva-pescanova-recibe-el-premio-empresa-social-por-el-proyecto-la-ciudad-que-nacio-del-mar\/#respond"]}]},{"@type":"WebPage","@id":"https:\/\/www.nuevapescanova.com\/gl\/2019\/07\/01\/el-grupo-nueva-pescanova-recibe-el-premio-empresa-social-por-el-proyecto-la-ciudad-que-nacio-del-mar\/","url":"https:\/\/www.nuevapescanova.com\/gl\/2019\/07\/01\/el-grupo-nueva-pescanova-recibe-el-premio-empresa-social-por-el-proyecto-la-ciudad-que-nacio-del-mar\/","name":"El Grupo Nueva Pescanova recibe el Premio Empresa Social por el proyecto \u201cLa Ciudad que Naci\u00f3 del Mar\u201d - Nueva Pescanova","isPartOf":{"@id":"https:\/\/www.nuevapescanova.com\/#website"},"primaryImageOfPage":{"@id":"https:\/\/www.nuevapescanova.com\/gl\/2019\/07\/01\/el-grupo-nueva-pescanova-recibe-el-premio-empresa-social-por-el-proyecto-la-ciudad-que-nacio-del-mar\/#primaryimage"},"image":{"@id":"https:\/\/www.nuevapescanova.com\/gl\/2019\/07\/01\/el-grupo-nueva-pescanova-recibe-el-premio-empresa-social-por-el-proyecto-la-ciudad-que-nacio-del-mar\/#primaryimage"},"thumbnailUrl":"https:\/\/www.nuevapescanova.com\/nuevapescanova\/wp-content\/uploads\/2019\/07\/Grupo-Nueva-Pescanova-premio-Empresa-Social.jpg","datePublished":"2019-07-01T09:37:47+00:00","breadcrumb":{"@id":"https:\/\/www.nuevapescanova.com\/gl\/2019\/07\/01\/el-grupo-nueva-pescanova-recibe-el-premio-empresa-social-por-el-proyecto-la-ciudad-que-nacio-del-mar\/#breadcrumb"},"inLanguage":"gl-ES","potentialAction":[{"@type":"ReadAction","target":["https:\/\/www.nuevapescanova.com\/gl\/2019\/07\/01\/el-grupo-nueva-pescanova-recibe-el-premio-empresa-social-por-el-proyecto-la-ciudad-que-nacio-del-mar\/"]}]},{"@type":"ImageObject","inLanguage":"gl-ES","@id":"https:\/\/www.nuevapescanova.com\/gl\/2019\/07\/01\/el-grupo-nueva-pescanova-recibe-el-premio-empresa-social-por-el-proyecto-la-ciudad-que-nacio-del-mar\/#primaryimage","url":"https:\/\/www.nuevapescanova.com\/nuevapescanova\/wp-content\/uploads\/2019\/07\/Grupo-Nueva-Pescanova-premio-Empresa-Social.jpg","contentUrl":"https:\/\/www.nuevapescanova.com\/nuevapescanova\/wp-content\/uploads\/2019\/07\/Grupo-Nueva-Pescanova-premio-Empresa-Social.jpg","width":1500,"height":1200},{"@type":"BreadcrumbList","@id":"https:\/\/www.nuevapescanova.com\/gl\/2019\/07\/01\/el-grupo-nueva-pescanova-recibe-el-premio-empresa-social-por-el-proyecto-la-ciudad-que-nacio-del-mar\/#breadcrumb","itemListElement":[{"@type":"ListItem","position":1,"name":"Portada","item":"https:\/\/www.nuevapescanova.com\/gl\/"},{"@type":"ListItem","position":2,"name":"El Grupo Nueva Pescanova recibe el Premio Empresa Social por el proyecto \u201cLa Ciudad que Naci\u00f3 del Mar\u201d"}]},{"@type":"WebSite","@id":"https:\/\/www.nuevapescanova.com\/#website","url":"https:\/\/www.nuevapescanova.com\/","name":"Nueva Pescanova","description":"","publisher":{"@id":"https:\/\/www.nuevapescanova.com\/#organization"},"potentialAction":[{"@type":"SearchAction","target":{"@type":"EntryPoint","urlTemplate":"https:\/\/www.nuevapescanova.com\/?s={search_term_string}"},"query-input":{"@type":"PropertyValueSpecification","valueRequired":true,"valueName":"search_term_string"}}],"inLanguage":"gl-ES"},{"@type":"Organization","@id":"https:\/\/www.nuevapescanova.com\/#organization","name":"Nueva Pescanova","url":"https:\/\/www.nuevapescanova.com\/","logo":{"@type":"ImageObject","inLanguage":"gl-ES","@id":"https:\/\/www.nuevapescanova.com\/#\/schema\/logo\/image\/","url":"https:\/\/www.nuevapescanova.com\/nuevapescanova\/wp-content\/uploads\/2023\/06\/Logo-Grupo-Nueva-Pescanova.jpg","contentUrl":"https:\/\/www.nuevapescanova.com\/nuevapescanova\/wp-content\/uploads\/2023\/06\/Logo-Grupo-Nueva-Pescanova.jpg","width":800,"height":398,"caption":"Nueva Pescanova"},"image":{"@id":"https:\/\/www.nuevapescanova.com\/#\/schema\/logo\/image\/"},"sameAs":["https:\/\/x.com\/PescanovaCorp","https:\/\/www.linkedin.com\/company\/nuevapescanova\/?originalSubdomain=es"]},{"@type":"Person","@id":"https:\/\/www.nuevapescanova.com\/#\/schema\/person\/8b41cffabb9cfabdc36581e6839e1355","name":"comunicacion","image":{"@type":"ImageObject","inLanguage":"gl-ES","@id":"https:\/\/www.nuevapescanova.com\/#\/schema\/person\/image\/","url":"https:\/\/secure.gravatar.com\/avatar\/3fdcb11972dd7c0cd6446cd61a4272e550ae23f4f17e8fd88e778f026d3e0748?s=96&d=mm&r=g","contentUrl":"https:\/\/secure.gravatar.com\/avatar\/3fdcb11972dd7c0cd6446cd61a4272e550ae23f4f17e8fd88e778f026d3e0748?s=96&d=mm&r=g","caption":"comunicacion"},"url":"https:\/\/www.nuevapescanova.com\/gl\/author\/comunicacion\/"}]}},"_links":{"self":[{"href":"https:\/\/www.nuevapescanova.com\/gl\/wp-json\/wp\/v2\/posts\/17474","targetHints":{"allow":["GET"]}}],"collection":[{"href":"https:\/\/www.nuevapescanova.com\/gl\/wp-json\/wp\/v2\/posts"}],"about":[{"href":"https:\/\/www.nuevapescanova.com\/gl\/wp-json\/wp\/v2\/types\/post"}],"author":[{"embeddable":true,"href":"https:\/\/www.nuevapescanova.com\/gl\/wp-json\/wp\/v2\/users\/3"}],"replies":[{"embeddable":true,"href":"https:\/\/www.nuevapescanova.com\/gl\/wp-json\/wp\/v2\/comments?post=17474"}],"version-history":[{"count":0,"href":"https:\/\/www.nuevapescanova.com\/gl\/wp-json\/wp\/v2\/posts\/17474\/revisions"}],"wp:featuredmedia":[{"embeddable":true,"href":"https:\/\/www.nuevapescanova.com\/gl\/wp-json\/wp\/v2\/media\/17475"}],"wp:attachment":[{"href":"https:\/\/www.nuevapescanova.com\/gl\/wp-json\/wp\/v2\/media?parent=17474"}],"wp:term":[{"taxonomy":"category","embeddable":true,"href":"https:\/\/www.nuevapescanova.com\/gl\/wp-json\/wp\/v2\/categories?post=17474"},{"taxonomy":"post_tag","embeddable":true,"href":"https:\/\/www.nuevapescanova.com\/gl\/wp-json\/wp\/v2\/tags?post=17474"}],"curies":[{"name":"wp","href":"https:\/\/api.w.org\/{rel}","templated":true}]}}