{"id":20268,"date":"2021-05-18T07:52:41","date_gmt":"2021-05-18T07:52:41","guid":{"rendered":"http:\/\/www.nuevapescanova.com\/?p=20268"},"modified":"2021-05-18T07:52:44","modified_gmt":"2021-05-18T07:52:44","slug":"unha-alumna-viguesa-gana-o-concurso-de-nova-pescanova-grumetes-polo-futuro-do-mar","status":"publish","type":"post","link":"https:\/\/www.nuevapescanova.com\/gl\/2021\/05\/18\/unha-alumna-viguesa-gana-o-concurso-de-nova-pescanova-grumetes-polo-futuro-do-mar\/","title":{"rendered":"Unha alumna viguesa gana o concurso de Nova Pescanova \u201cGrumetes polo futuro do mar\u201d"},"content":{"rendered":"\n<ul class=\"wp-block-list\"><li><strong>Coa iniciativa, \u00e1 que se presentaron 400 nenos de entre 8 e 12 anos de toda Galicia, a compa\u00f1\u00eda conmemora o D\u00eda das Letras Galegas.<\/strong><\/li><li><strong>Cayetana Alonso, alumna de 6.\u00ba de educaci\u00f3n primaria do Colexio San Miguel II de Vigo, resultou ga\u00f1adora co seu relato po\u00e9tico \u201cA viaxe dunha botella\u201d.<\/strong><\/li><li><strong>Iria Mei Blanco (6.\u00ba EP &#8211; CEIP Mestre Vide de Ourense) e Sara Ant\u00eda Fern\u00e1ndez (6.\u00ba EP \u2013 CRP San Jos\u00e9-Josefina de Ourense) foron as d\u00faas finalistas por \u201cA tartaruga Balula\u201d e \u201cRobins\u00f3n Crus-oil\u201d, respectivamente.<\/strong><\/li><\/ul>\n\n\n\n<p><strong>Vigo, 16 de maio &nbsp;de 2021 <\/strong>.- Cayetana Alonso, alumna de 6.\u00ba de educaci\u00f3n primaria (E.P.) do Colexio San Miguel II de Vigo, foi a ga\u00f1adora de \u201cGrumetes <strong>polo futuro do mar<\/strong>\u201d, o primeiro concurso de relato&nbsp; infantil en galego organizado polo Grupo Nova Pescanova para <strong>conmemorar o 17 de maio, D\u00eda das Letras Galegas<\/strong>. A trav\u00e9s desta iniciativa, a compa\u00f1\u00eda busca <strong>favorecer a concienciaci\u00f3n entre os m\u00e1is novos<\/strong> da importancia de coidar os oc\u00e9anos, mares, as\u00ed como dos recursos mari\u00f1os.<\/p>\n\n\n\n<p><strong>\u201cA viaxe dunha botella\u201d<\/strong> \u00e9 o conto escrito por Cayetana <strong>Alonso<\/strong>, que en forma de poes\u00eda explica a traves\u00eda polo mar dunha botella reciclable, \u00e1 que dota de personalidade e que, ao longo do seu percorrido, se atopa con todo tipo de especies mari\u00f1as, e d\u00e1se conta de que ese non ten que ser o seu fogar. O xurado valorou a concienciaci\u00f3n sustentable, a creatividade do relato, as\u00ed como a s\u00faa expresi\u00f3n e o bo uso da lingua galega.<\/p>\n\n\n\n<p>As d\u00faas finalistas de \u201c<strong>Grumetes polo futuro do mar<\/strong>\u201d foron <strong>Iria Mei Blanco <\/strong>(6.\u00ba de E.P. no CEIP Mestre Vide de Ourense) con \u201c<strong>A tartaruga<\/strong> <strong>Balula\u201d<\/strong> e <strong>Sara Ant\u00eda Fern\u00e1ndez<\/strong> (6.\u00ba de E.P. no CPR San Jos\u00e9-Josefina de Ourense) con \u201c<strong>Robins\u00f3n<\/strong> <strong>Crus-oil\u201d<\/strong>.<\/p>\n\n\n\n<p>No concurso <strong>participaron preto de 400 nenos de entre 8 e 12 anos, procedentes de 60 centros educativos das catro provincias galegas<\/strong>. Os relatos foron valorados por un xurado composto polas direcci\u00f3ns corporativas de Comunicaci\u00f3n e Relaci\u00f3ns Institucionais e a de Responsabilidade Social Corporativa do Grupo Nova Pescanova, as\u00ed como pola Secretar\u00eda Xeral de Pol\u00edtica Ling\u00fc\u00edstica da Xunta de Galicia e o Foro Enrique Peinador.<\/p>\n\n\n\n<p><strong>Ignacio Gonz\u00e1lez, CEO do Grupo Nova Pescanova<\/strong>, destacou \u201ca alta sensibilizaci\u00f3n que os nenos te\u00f1en sobre a importancia de preservar a nosa contorna mari\u00f1a como \u00fanica v\u00eda para garantir o futuro das especies. Esta responsabilidade \u00e9 compartida coa compa\u00f1\u00eda e evid\u00e9nciase coa nosa contribuci\u00f3n aos Obxectivos de Desenvolvemento Sustentable (ODS)\u201d. Ademais, destacou a implicaci\u00f3n dos centros educativos, que animaron o alumnado para reflexionar sobre que podemos facer hoxe para preservar os nosos mares e oc\u00e9anos no futuro, unha iniciativa coa que continuaremos a trav\u00e9s da posta en marcha de diferentes concursos para xente nova de toda Espa\u00f1a.<\/p>\n","protected":false},"excerpt":{"rendered":"<p>Coa iniciativa, \u00e1 que se presentaron 400 nenos de entre 8 e 12 anos de toda Galicia, a compa\u00f1\u00eda conmemora o D\u00eda das Letras Galegas. Cayetana<span class=\"excerpt-hellip\"> [\u2026]<\/span><\/p>\n","protected":false},"author":3,"featured_media":20243,"comment_status":"closed","ping_status":"closed","sticky":false,"template":"","format":"standard","meta":{"_acf_changed":false,"footnotes":""},"categories":[115],"tags":[],"class_list":["post-20268","post","type-post","status-publish","format-standard","has-post-thumbnail","hentry","category-uncategorized-gl"],"acf":[],"yoast_head":"<!-- This site is optimized with the Yoast SEO plugin v25.9 - https:\/\/yoast.com\/wordpress\/plugins\/seo\/ -->\n<title>Unha alumna viguesa gana o concurso de Nova Pescanova \u201cGrumetes polo futuro do mar\u201d - Nueva Pescanova<\/title>\n<meta name=\"robots\" content=\"index, follow, max-snippet:-1, max-image-preview:large, max-video-preview:-1\" \/>\n<link rel=\"canonical\" href=\"https:\/\/www.nuevapescanova.com\/gl\/2021\/05\/18\/unha-alumna-viguesa-gana-o-concurso-de-nova-pescanova-grumetes-polo-futuro-do-mar\/\" \/>\n<meta property=\"og:locale\" content=\"gl_ES\" \/>\n<meta property=\"og:type\" content=\"article\" \/>\n<meta property=\"og:title\" content=\"Unha alumna viguesa gana o concurso de Nova Pescanova \u201cGrumetes polo futuro do mar\u201d - Nueva Pescanova\" \/>\n<meta property=\"og:description\" content=\"Coa iniciativa, \u00e1 que se presentaron 400 nenos de entre 8 e 12 anos de toda Galicia, a compa\u00f1\u00eda conmemora o D\u00eda das Letras Galegas. Cayetana [\u2026]\" \/>\n<meta property=\"og:url\" content=\"https:\/\/www.nuevapescanova.com\/gl\/2021\/05\/18\/unha-alumna-viguesa-gana-o-concurso-de-nova-pescanova-grumetes-polo-futuro-do-mar\/\" \/>\n<meta property=\"og:site_name\" content=\"Nueva Pescanova\" \/>\n<meta property=\"article:published_time\" content=\"2021-05-18T07:52:41+00:00\" \/>\n<meta property=\"article:modified_time\" content=\"2021-05-18T07:52:44+00:00\" \/>\n<meta property=\"og:image\" content=\"https:\/\/www.nuevapescanova.com\/nuevapescanova\/wp-content\/uploads\/2021\/05\/Grumetes_polo_futuro_do_mar_5-scaled.jpg\" \/>\n\t<meta property=\"og:image:width\" content=\"2560\" \/>\n\t<meta property=\"og:image:height\" content=\"1907\" \/>\n\t<meta property=\"og:image:type\" content=\"image\/jpeg\" \/>\n<meta name=\"author\" content=\"comunicacion\" \/>\n<meta name=\"twitter:card\" content=\"summary_large_image\" \/>\n<meta name=\"twitter:creator\" content=\"@PescanovaCorp\" \/>\n<meta name=\"twitter:site\" content=\"@PescanovaCorp\" \/>\n<meta name=\"twitter:label1\" content=\"Written by\" \/>\n\t<meta name=\"twitter:data1\" content=\"comunicacion\" \/>\n\t<meta name=\"twitter:label2\" content=\"Est. reading time\" \/>\n\t<meta name=\"twitter:data2\" content=\"2 minutes\" \/>\n<script type=\"application\/ld+json\" class=\"yoast-schema-graph\">{\"@context\":\"https:\/\/schema.org\",\"@graph\":[{\"@type\":\"Article\",\"@id\":\"https:\/\/www.nuevapescanova.com\/gl\/2021\/05\/18\/unha-alumna-viguesa-gana-o-concurso-de-nova-pescanova-grumetes-polo-futuro-do-mar\/#article\",\"isPartOf\":{\"@id\":\"https:\/\/www.nuevapescanova.com\/gl\/2021\/05\/18\/unha-alumna-viguesa-gana-o-concurso-de-nova-pescanova-grumetes-polo-futuro-do-mar\/\"},\"author\":{\"name\":\"comunicacion\",\"@id\":\"https:\/\/www.nuevapescanova.com\/#\/schema\/person\/8b41cffabb9cfabdc36581e6839e1355\"},\"headline\":\"Unha alumna viguesa gana o concurso de Nova Pescanova \u201cGrumetes polo futuro do mar\u201d\",\"datePublished\":\"2021-05-18T07:52:41+00:00\",\"dateModified\":\"2021-05-18T07:52:44+00:00\",\"mainEntityOfPage\":{\"@id\":\"https:\/\/www.nuevapescanova.com\/gl\/2021\/05\/18\/unha-alumna-viguesa-gana-o-concurso-de-nova-pescanova-grumetes-polo-futuro-do-mar\/\"},\"wordCount\":496,\"publisher\":{\"@id\":\"https:\/\/www.nuevapescanova.com\/#organization\"},\"image\":{\"@id\":\"https:\/\/www.nuevapescanova.com\/gl\/2021\/05\/18\/unha-alumna-viguesa-gana-o-concurso-de-nova-pescanova-grumetes-polo-futuro-do-mar\/#primaryimage\"},\"thumbnailUrl\":\"https:\/\/www.nuevapescanova.com\/nuevapescanova\/wp-content\/uploads\/2021\/05\/Grumetes_polo_futuro_do_mar_5-scaled.jpg\",\"articleSection\":[\"Uncategorized @gl\"],\"inLanguage\":\"gl-ES\"},{\"@type\":\"WebPage\",\"@id\":\"https:\/\/www.nuevapescanova.com\/gl\/2021\/05\/18\/unha-alumna-viguesa-gana-o-concurso-de-nova-pescanova-grumetes-polo-futuro-do-mar\/\",\"url\":\"https:\/\/www.nuevapescanova.com\/gl\/2021\/05\/18\/unha-alumna-viguesa-gana-o-concurso-de-nova-pescanova-grumetes-polo-futuro-do-mar\/\",\"name\":\"Unha alumna viguesa gana o concurso de Nova Pescanova \u201cGrumetes polo futuro do mar\u201d - Nueva Pescanova\",\"isPartOf\":{\"@id\":\"https:\/\/www.nuevapescanova.com\/#website\"},\"primaryImageOfPage\":{\"@id\":\"https:\/\/www.nuevapescanova.com\/gl\/2021\/05\/18\/unha-alumna-viguesa-gana-o-concurso-de-nova-pescanova-grumetes-polo-futuro-do-mar\/#primaryimage\"},\"image\":{\"@id\":\"https:\/\/www.nuevapescanova.com\/gl\/2021\/05\/18\/unha-alumna-viguesa-gana-o-concurso-de-nova-pescanova-grumetes-polo-futuro-do-mar\/#primaryimage\"},\"thumbnailUrl\":\"https:\/\/www.nuevapescanova.com\/nuevapescanova\/wp-content\/uploads\/2021\/05\/Grumetes_polo_futuro_do_mar_5-scaled.jpg\",\"datePublished\":\"2021-05-18T07:52:41+00:00\",\"dateModified\":\"2021-05-18T07:52:44+00:00\",\"breadcrumb\":{\"@id\":\"https:\/\/www.nuevapescanova.com\/gl\/2021\/05\/18\/unha-alumna-viguesa-gana-o-concurso-de-nova-pescanova-grumetes-polo-futuro-do-mar\/#breadcrumb\"},\"inLanguage\":\"gl-ES\",\"potentialAction\":[{\"@type\":\"ReadAction\",\"target\":[\"https:\/\/www.nuevapescanova.com\/gl\/2021\/05\/18\/unha-alumna-viguesa-gana-o-concurso-de-nova-pescanova-grumetes-polo-futuro-do-mar\/\"]}]},{\"@type\":\"ImageObject\",\"inLanguage\":\"gl-ES\",\"@id\":\"https:\/\/www.nuevapescanova.com\/gl\/2021\/05\/18\/unha-alumna-viguesa-gana-o-concurso-de-nova-pescanova-grumetes-polo-futuro-do-mar\/#primaryimage\",\"url\":\"https:\/\/www.nuevapescanova.com\/nuevapescanova\/wp-content\/uploads\/2021\/05\/Grumetes_polo_futuro_do_mar_5-scaled.jpg\",\"contentUrl\":\"https:\/\/www.nuevapescanova.com\/nuevapescanova\/wp-content\/uploads\/2021\/05\/Grumetes_polo_futuro_do_mar_5-scaled.jpg\",\"width\":2560,\"height\":1907},{\"@type\":\"BreadcrumbList\",\"@id\":\"https:\/\/www.nuevapescanova.com\/gl\/2021\/05\/18\/unha-alumna-viguesa-gana-o-concurso-de-nova-pescanova-grumetes-polo-futuro-do-mar\/#breadcrumb\",\"itemListElement\":[{\"@type\":\"ListItem\",\"position\":1,\"name\":\"Portada\",\"item\":\"https:\/\/www.nuevapescanova.com\/gl\/\"},{\"@type\":\"ListItem\",\"position\":2,\"name\":\"Unha alumna viguesa gana o concurso de Nova Pescanova \u201cGrumetes polo futuro do mar\u201d\"}]},{\"@type\":\"WebSite\",\"@id\":\"https:\/\/www.nuevapescanova.com\/#website\",\"url\":\"https:\/\/www.nuevapescanova.com\/\",\"name\":\"Nueva Pescanova\",\"description\":\"\",\"publisher\":{\"@id\":\"https:\/\/www.nuevapescanova.com\/#organization\"},\"potentialAction\":[{\"@type\":\"SearchAction\",\"target\":{\"@type\":\"EntryPoint\",\"urlTemplate\":\"https:\/\/www.nuevapescanova.com\/?s={search_term_string}\"},\"query-input\":{\"@type\":\"PropertyValueSpecification\",\"valueRequired\":true,\"valueName\":\"search_term_string\"}}],\"inLanguage\":\"gl-ES\"},{\"@type\":\"Organization\",\"@id\":\"https:\/\/www.nuevapescanova.com\/#organization\",\"name\":\"Nueva Pescanova\",\"url\":\"https:\/\/www.nuevapescanova.com\/\",\"logo\":{\"@type\":\"ImageObject\",\"inLanguage\":\"gl-ES\",\"@id\":\"https:\/\/www.nuevapescanova.com\/#\/schema\/logo\/image\/\",\"url\":\"https:\/\/www.nuevapescanova.com\/nuevapescanova\/wp-content\/uploads\/2023\/06\/Logo-Grupo-Nueva-Pescanova.jpg\",\"contentUrl\":\"https:\/\/www.nuevapescanova.com\/nuevapescanova\/wp-content\/uploads\/2023\/06\/Logo-Grupo-Nueva-Pescanova.jpg\",\"width\":800,\"height\":398,\"caption\":\"Nueva Pescanova\"},\"image\":{\"@id\":\"https:\/\/www.nuevapescanova.com\/#\/schema\/logo\/image\/\"},\"sameAs\":[\"https:\/\/x.com\/PescanovaCorp\",\"https:\/\/www.linkedin.com\/company\/nuevapescanova\/?originalSubdomain=es\"]},{\"@type\":\"Person\",\"@id\":\"https:\/\/www.nuevapescanova.com\/#\/schema\/person\/8b41cffabb9cfabdc36581e6839e1355\",\"name\":\"comunicacion\",\"image\":{\"@type\":\"ImageObject\",\"inLanguage\":\"gl-ES\",\"@id\":\"https:\/\/www.nuevapescanova.com\/#\/schema\/person\/image\/\",\"url\":\"https:\/\/secure.gravatar.com\/avatar\/3fdcb11972dd7c0cd6446cd61a4272e550ae23f4f17e8fd88e778f026d3e0748?s=96&d=mm&r=g\",\"contentUrl\":\"https:\/\/secure.gravatar.com\/avatar\/3fdcb11972dd7c0cd6446cd61a4272e550ae23f4f17e8fd88e778f026d3e0748?s=96&d=mm&r=g\",\"caption\":\"comunicacion\"},\"url\":\"https:\/\/www.nuevapescanova.com\/gl\/author\/comunicacion\/\"}]}<\/script>\n<!-- \/ Yoast SEO plugin. -->","yoast_head_json":{"title":"Unha alumna viguesa gana o concurso de Nova Pescanova \u201cGrumetes polo futuro do mar\u201d - Nueva Pescanova","robots":{"index":"index","follow":"follow","max-snippet":"max-snippet:-1","max-image-preview":"max-image-preview:large","max-video-preview":"max-video-preview:-1"},"canonical":"https:\/\/www.nuevapescanova.com\/gl\/2021\/05\/18\/unha-alumna-viguesa-gana-o-concurso-de-nova-pescanova-grumetes-polo-futuro-do-mar\/","og_locale":"gl_ES","og_type":"article","og_title":"Unha alumna viguesa gana o concurso de Nova Pescanova \u201cGrumetes polo futuro do mar\u201d - Nueva Pescanova","og_description":"Coa iniciativa, \u00e1 que se presentaron 400 nenos de entre 8 e 12 anos de toda Galicia, a compa\u00f1\u00eda conmemora o D\u00eda das Letras Galegas. Cayetana [\u2026]","og_url":"https:\/\/www.nuevapescanova.com\/gl\/2021\/05\/18\/unha-alumna-viguesa-gana-o-concurso-de-nova-pescanova-grumetes-polo-futuro-do-mar\/","og_site_name":"Nueva Pescanova","article_published_time":"2021-05-18T07:52:41+00:00","article_modified_time":"2021-05-18T07:52:44+00:00","og_image":[{"width":2560,"height":1907,"url":"https:\/\/www.nuevapescanova.com\/nuevapescanova\/wp-content\/uploads\/2021\/05\/Grumetes_polo_futuro_do_mar_5-scaled.jpg","type":"image\/jpeg"}],"author":"comunicacion","twitter_card":"summary_large_image","twitter_creator":"@PescanovaCorp","twitter_site":"@PescanovaCorp","twitter_misc":{"Written by":"comunicacion","Est. reading time":"2 minutes"},"schema":{"@context":"https:\/\/schema.org","@graph":[{"@type":"Article","@id":"https:\/\/www.nuevapescanova.com\/gl\/2021\/05\/18\/unha-alumna-viguesa-gana-o-concurso-de-nova-pescanova-grumetes-polo-futuro-do-mar\/#article","isPartOf":{"@id":"https:\/\/www.nuevapescanova.com\/gl\/2021\/05\/18\/unha-alumna-viguesa-gana-o-concurso-de-nova-pescanova-grumetes-polo-futuro-do-mar\/"},"author":{"name":"comunicacion","@id":"https:\/\/www.nuevapescanova.com\/#\/schema\/person\/8b41cffabb9cfabdc36581e6839e1355"},"headline":"Unha alumna viguesa gana o concurso de Nova Pescanova \u201cGrumetes polo futuro do mar\u201d","datePublished":"2021-05-18T07:52:41+00:00","dateModified":"2021-05-18T07:52:44+00:00","mainEntityOfPage":{"@id":"https:\/\/www.nuevapescanova.com\/gl\/2021\/05\/18\/unha-alumna-viguesa-gana-o-concurso-de-nova-pescanova-grumetes-polo-futuro-do-mar\/"},"wordCount":496,"publisher":{"@id":"https:\/\/www.nuevapescanova.com\/#organization"},"image":{"@id":"https:\/\/www.nuevapescanova.com\/gl\/2021\/05\/18\/unha-alumna-viguesa-gana-o-concurso-de-nova-pescanova-grumetes-polo-futuro-do-mar\/#primaryimage"},"thumbnailUrl":"https:\/\/www.nuevapescanova.com\/nuevapescanova\/wp-content\/uploads\/2021\/05\/Grumetes_polo_futuro_do_mar_5-scaled.jpg","articleSection":["Uncategorized @gl"],"inLanguage":"gl-ES"},{"@type":"WebPage","@id":"https:\/\/www.nuevapescanova.com\/gl\/2021\/05\/18\/unha-alumna-viguesa-gana-o-concurso-de-nova-pescanova-grumetes-polo-futuro-do-mar\/","url":"https:\/\/www.nuevapescanova.com\/gl\/2021\/05\/18\/unha-alumna-viguesa-gana-o-concurso-de-nova-pescanova-grumetes-polo-futuro-do-mar\/","name":"Unha alumna viguesa gana o concurso de Nova Pescanova \u201cGrumetes polo futuro do mar\u201d - Nueva Pescanova","isPartOf":{"@id":"https:\/\/www.nuevapescanova.com\/#website"},"primaryImageOfPage":{"@id":"https:\/\/www.nuevapescanova.com\/gl\/2021\/05\/18\/unha-alumna-viguesa-gana-o-concurso-de-nova-pescanova-grumetes-polo-futuro-do-mar\/#primaryimage"},"image":{"@id":"https:\/\/www.nuevapescanova.com\/gl\/2021\/05\/18\/unha-alumna-viguesa-gana-o-concurso-de-nova-pescanova-grumetes-polo-futuro-do-mar\/#primaryimage"},"thumbnailUrl":"https:\/\/www.nuevapescanova.com\/nuevapescanova\/wp-content\/uploads\/2021\/05\/Grumetes_polo_futuro_do_mar_5-scaled.jpg","datePublished":"2021-05-18T07:52:41+00:00","dateModified":"2021-05-18T07:52:44+00:00","breadcrumb":{"@id":"https:\/\/www.nuevapescanova.com\/gl\/2021\/05\/18\/unha-alumna-viguesa-gana-o-concurso-de-nova-pescanova-grumetes-polo-futuro-do-mar\/#breadcrumb"},"inLanguage":"gl-ES","potentialAction":[{"@type":"ReadAction","target":["https:\/\/www.nuevapescanova.com\/gl\/2021\/05\/18\/unha-alumna-viguesa-gana-o-concurso-de-nova-pescanova-grumetes-polo-futuro-do-mar\/"]}]},{"@type":"ImageObject","inLanguage":"gl-ES","@id":"https:\/\/www.nuevapescanova.com\/gl\/2021\/05\/18\/unha-alumna-viguesa-gana-o-concurso-de-nova-pescanova-grumetes-polo-futuro-do-mar\/#primaryimage","url":"https:\/\/www.nuevapescanova.com\/nuevapescanova\/wp-content\/uploads\/2021\/05\/Grumetes_polo_futuro_do_mar_5-scaled.jpg","contentUrl":"https:\/\/www.nuevapescanova.com\/nuevapescanova\/wp-content\/uploads\/2021\/05\/Grumetes_polo_futuro_do_mar_5-scaled.jpg","width":2560,"height":1907},{"@type":"BreadcrumbList","@id":"https:\/\/www.nuevapescanova.com\/gl\/2021\/05\/18\/unha-alumna-viguesa-gana-o-concurso-de-nova-pescanova-grumetes-polo-futuro-do-mar\/#breadcrumb","itemListElement":[{"@type":"ListItem","position":1,"name":"Portada","item":"https:\/\/www.nuevapescanova.com\/gl\/"},{"@type":"ListItem","position":2,"name":"Unha alumna viguesa gana o concurso de Nova Pescanova \u201cGrumetes polo futuro do mar\u201d"}]},{"@type":"WebSite","@id":"https:\/\/www.nuevapescanova.com\/#website","url":"https:\/\/www.nuevapescanova.com\/","name":"Nueva Pescanova","description":"","publisher":{"@id":"https:\/\/www.nuevapescanova.com\/#organization"},"potentialAction":[{"@type":"SearchAction","target":{"@type":"EntryPoint","urlTemplate":"https:\/\/www.nuevapescanova.com\/?s={search_term_string}"},"query-input":{"@type":"PropertyValueSpecification","valueRequired":true,"valueName":"search_term_string"}}],"inLanguage":"gl-ES"},{"@type":"Organization","@id":"https:\/\/www.nuevapescanova.com\/#organization","name":"Nueva Pescanova","url":"https:\/\/www.nuevapescanova.com\/","logo":{"@type":"ImageObject","inLanguage":"gl-ES","@id":"https:\/\/www.nuevapescanova.com\/#\/schema\/logo\/image\/","url":"https:\/\/www.nuevapescanova.com\/nuevapescanova\/wp-content\/uploads\/2023\/06\/Logo-Grupo-Nueva-Pescanova.jpg","contentUrl":"https:\/\/www.nuevapescanova.com\/nuevapescanova\/wp-content\/uploads\/2023\/06\/Logo-Grupo-Nueva-Pescanova.jpg","width":800,"height":398,"caption":"Nueva Pescanova"},"image":{"@id":"https:\/\/www.nuevapescanova.com\/#\/schema\/logo\/image\/"},"sameAs":["https:\/\/x.com\/PescanovaCorp","https:\/\/www.linkedin.com\/company\/nuevapescanova\/?originalSubdomain=es"]},{"@type":"Person","@id":"https:\/\/www.nuevapescanova.com\/#\/schema\/person\/8b41cffabb9cfabdc36581e6839e1355","name":"comunicacion","image":{"@type":"ImageObject","inLanguage":"gl-ES","@id":"https:\/\/www.nuevapescanova.com\/#\/schema\/person\/image\/","url":"https:\/\/secure.gravatar.com\/avatar\/3fdcb11972dd7c0cd6446cd61a4272e550ae23f4f17e8fd88e778f026d3e0748?s=96&d=mm&r=g","contentUrl":"https:\/\/secure.gravatar.com\/avatar\/3fdcb11972dd7c0cd6446cd61a4272e550ae23f4f17e8fd88e778f026d3e0748?s=96&d=mm&r=g","caption":"comunicacion"},"url":"https:\/\/www.nuevapescanova.com\/gl\/author\/comunicacion\/"}]}},"_links":{"self":[{"href":"https:\/\/www.nuevapescanova.com\/gl\/wp-json\/wp\/v2\/posts\/20268","targetHints":{"allow":["GET"]}}],"collection":[{"href":"https:\/\/www.nuevapescanova.com\/gl\/wp-json\/wp\/v2\/posts"}],"about":[{"href":"https:\/\/www.nuevapescanova.com\/gl\/wp-json\/wp\/v2\/types\/post"}],"author":[{"embeddable":true,"href":"https:\/\/www.nuevapescanova.com\/gl\/wp-json\/wp\/v2\/users\/3"}],"replies":[{"embeddable":true,"href":"https:\/\/www.nuevapescanova.com\/gl\/wp-json\/wp\/v2\/comments?post=20268"}],"version-history":[{"count":3,"href":"https:\/\/www.nuevapescanova.com\/gl\/wp-json\/wp\/v2\/posts\/20268\/revisions"}],"predecessor-version":[{"id":20275,"href":"https:\/\/www.nuevapescanova.com\/gl\/wp-json\/wp\/v2\/posts\/20268\/revisions\/20275"}],"wp:featuredmedia":[{"embeddable":true,"href":"https:\/\/www.nuevapescanova.com\/gl\/wp-json\/wp\/v2\/media\/20243"}],"wp:attachment":[{"href":"https:\/\/www.nuevapescanova.com\/gl\/wp-json\/wp\/v2\/media?parent=20268"}],"wp:term":[{"taxonomy":"category","embeddable":true,"href":"https:\/\/www.nuevapescanova.com\/gl\/wp-json\/wp\/v2\/categories?post=20268"},{"taxonomy":"post_tag","embeddable":true,"href":"https:\/\/www.nuevapescanova.com\/gl\/wp-json\/wp\/v2\/tags?post=20268"}],"curies":[{"name":"wp","href":"https:\/\/api.w.org\/{rel}","templated":true}]}}