{"id":20986,"date":"2021-04-28T14:20:00","date_gmt":"2021-04-28T14:20:00","guid":{"rendered":"http:\/\/www.nuevapescanova.com\/?p=20986"},"modified":"2021-06-14T14:22:48","modified_gmt":"2021-06-14T14:22:48","slug":"el-grupo-nueva-pescanova-y-down-vigo-renuevan-su-acuerdo-para-insertar-laboralmente-a-personas-con-sindrome-de-down","status":"publish","type":"post","link":"https:\/\/www.nuevapescanova.com\/gl\/2021\/04\/28\/el-grupo-nueva-pescanova-y-down-vigo-renuevan-su-acuerdo-para-insertar-laboralmente-a-personas-con-sindrome-de-down\/","title":{"rendered":"El Grupo Nueva Pescanova y Down Vigo renuevan su acuerdo para insertar laboralmente a personas con S\u00edndrome de Down"},"content":{"rendered":"\n<p><strong>Vigo, 28 de abril de 2021<\/strong>.- El Grupo Nueva Pescanova y Down Vigo han renovado su colaboraci\u00f3n para favorecer la integraci\u00f3n de personas con discapacidad intelectual en el mundo laboral. Este compromiso se ha materializado con un convenio firmado por Alfonso Gordon y Marta Otero, director corporativo de Personas y directora general Industrial del Grupo Nueva Pescanova, respectivamente, y Jos\u00e9 Manuel Garc\u00eda, presidente de Down Vigo, durante un acto que ha tenido lugar en las instalaciones de la compa\u00f1\u00eda en Chapela.<\/p>\n\n\n\n<p>Fruto de un acuerdo similar firmado hace tres a\u00f1os, un usuario de Down Vigo comenz\u00f3 a realizar pr\u00e1cticas en el Centro Industrial Chapela y actualmente ya forma parte de la plantilla de forma indefinida. La renovaci\u00f3n de este convenio busca continuar mejorando la formaci\u00f3n de personas con S\u00edndrome de Down en los centros industriales con los que cuenta el Grupo en el \u00e1rea de la provincia de Pontevedra. De esta manera, se sumar\u00e1n dos nuevas personas miembros de la ONG para trabajar en los centros industriales de Porri\u00f1o y Chapela.<\/p>\n\n\n\n<p>Para el Grupo Nueva Pescanova esta iniciativa supone una nueva oportunidad de formalizar uno de los principios de la compa\u00f1\u00eda con la comunidad: establecer lazos de colaboraci\u00f3n y solidaridad que favorezcan la integraci\u00f3n e impulsen la igualdad y la diversidad.<\/p>\n","protected":false},"excerpt":{"rendered":"<p>Vigo, 28 de abril de 2021.- El Grupo Nueva Pescanova y Down Vigo han renovado su colaboraci\u00f3n para favorecer la integraci\u00f3n de personas con discapacidad intelectual<span class=\"excerpt-hellip\"> [\u2026]<\/span><\/p>\n","protected":false},"author":3,"featured_media":19968,"comment_status":"closed","ping_status":"closed","sticky":false,"template":"","format":"standard","meta":{"_acf_changed":false,"footnotes":""},"categories":[115],"tags":[],"class_list":["post-20986","post","type-post","status-publish","format-standard","has-post-thumbnail","hentry","category-uncategorized-gl"],"acf":[],"yoast_head":"<!-- This site is optimized with the Yoast SEO plugin v25.9 - https:\/\/yoast.com\/wordpress\/plugins\/seo\/ -->\n<title>El Grupo Nueva Pescanova y Down Vigo renuevan su acuerdo para insertar laboralmente a personas con S\u00edndrome de Down - Nueva Pescanova<\/title>\n<meta name=\"robots\" content=\"index, follow, max-snippet:-1, max-image-preview:large, max-video-preview:-1\" \/>\n<link rel=\"canonical\" href=\"https:\/\/www.nuevapescanova.com\/gl\/2021\/04\/28\/el-grupo-nueva-pescanova-y-down-vigo-renuevan-su-acuerdo-para-insertar-laboralmente-a-personas-con-sindrome-de-down\/\" \/>\n<meta property=\"og:locale\" content=\"gl_ES\" \/>\n<meta property=\"og:type\" content=\"article\" \/>\n<meta property=\"og:title\" content=\"El Grupo Nueva Pescanova y Down Vigo renuevan su acuerdo para insertar laboralmente a personas con S\u00edndrome de Down - Nueva Pescanova\" \/>\n<meta property=\"og:description\" content=\"Vigo, 28 de abril de 2021.- El Grupo Nueva Pescanova y Down Vigo han renovado su colaboraci\u00f3n para favorecer la integraci\u00f3n de personas con discapacidad intelectual [\u2026]\" \/>\n<meta property=\"og:url\" content=\"https:\/\/www.nuevapescanova.com\/gl\/2021\/04\/28\/el-grupo-nueva-pescanova-y-down-vigo-renuevan-su-acuerdo-para-insertar-laboralmente-a-personas-con-sindrome-de-down\/\" \/>\n<meta property=\"og:site_name\" content=\"Nueva Pescanova\" \/>\n<meta property=\"article:published_time\" content=\"2021-04-28T14:20:00+00:00\" \/>\n<meta property=\"article:modified_time\" content=\"2021-06-14T14:22:48+00:00\" \/>\n<meta property=\"og:image\" content=\"https:\/\/www.nuevapescanova.com\/nuevapescanova\/wp-content\/uploads\/2021\/04\/20210423_093943-scaled.jpg\" \/>\n\t<meta property=\"og:image:width\" content=\"2560\" \/>\n\t<meta property=\"og:image:height\" content=\"1920\" \/>\n\t<meta property=\"og:image:type\" content=\"image\/jpeg\" \/>\n<meta name=\"author\" content=\"comunicacion\" \/>\n<meta name=\"twitter:card\" content=\"summary_large_image\" \/>\n<meta name=\"twitter:creator\" content=\"@PescanovaCorp\" \/>\n<meta name=\"twitter:site\" content=\"@PescanovaCorp\" \/>\n<meta name=\"twitter:label1\" content=\"Written by\" \/>\n\t<meta name=\"twitter:data1\" content=\"comunicacion\" \/>\n\t<meta name=\"twitter:label2\" content=\"Est. reading time\" \/>\n\t<meta name=\"twitter:data2\" content=\"1 minute\" \/>\n<script type=\"application\/ld+json\" class=\"yoast-schema-graph\">{\"@context\":\"https:\/\/schema.org\",\"@graph\":[{\"@type\":\"Article\",\"@id\":\"https:\/\/www.nuevapescanova.com\/gl\/2021\/04\/28\/el-grupo-nueva-pescanova-y-down-vigo-renuevan-su-acuerdo-para-insertar-laboralmente-a-personas-con-sindrome-de-down\/#article\",\"isPartOf\":{\"@id\":\"https:\/\/www.nuevapescanova.com\/gl\/2021\/04\/28\/el-grupo-nueva-pescanova-y-down-vigo-renuevan-su-acuerdo-para-insertar-laboralmente-a-personas-con-sindrome-de-down\/\"},\"author\":{\"name\":\"comunicacion\",\"@id\":\"https:\/\/www.nuevapescanova.com\/#\/schema\/person\/8b41cffabb9cfabdc36581e6839e1355\"},\"headline\":\"El Grupo Nueva Pescanova y Down Vigo renuevan su acuerdo para insertar laboralmente a personas con S\u00edndrome de Down\",\"datePublished\":\"2021-04-28T14:20:00+00:00\",\"dateModified\":\"2021-06-14T14:22:48+00:00\",\"mainEntityOfPage\":{\"@id\":\"https:\/\/www.nuevapescanova.com\/gl\/2021\/04\/28\/el-grupo-nueva-pescanova-y-down-vigo-renuevan-su-acuerdo-para-insertar-laboralmente-a-personas-con-sindrome-de-down\/\"},\"wordCount\":244,\"publisher\":{\"@id\":\"https:\/\/www.nuevapescanova.com\/#organization\"},\"image\":{\"@id\":\"https:\/\/www.nuevapescanova.com\/gl\/2021\/04\/28\/el-grupo-nueva-pescanova-y-down-vigo-renuevan-su-acuerdo-para-insertar-laboralmente-a-personas-con-sindrome-de-down\/#primaryimage\"},\"thumbnailUrl\":\"https:\/\/www.nuevapescanova.com\/nuevapescanova\/wp-content\/uploads\/2021\/04\/20210423_093943-scaled.jpg\",\"articleSection\":[\"Uncategorized @gl\"],\"inLanguage\":\"gl-ES\"},{\"@type\":\"WebPage\",\"@id\":\"https:\/\/www.nuevapescanova.com\/gl\/2021\/04\/28\/el-grupo-nueva-pescanova-y-down-vigo-renuevan-su-acuerdo-para-insertar-laboralmente-a-personas-con-sindrome-de-down\/\",\"url\":\"https:\/\/www.nuevapescanova.com\/gl\/2021\/04\/28\/el-grupo-nueva-pescanova-y-down-vigo-renuevan-su-acuerdo-para-insertar-laboralmente-a-personas-con-sindrome-de-down\/\",\"name\":\"El Grupo Nueva Pescanova y Down Vigo renuevan su acuerdo para insertar laboralmente a personas con S\u00edndrome de Down - Nueva Pescanova\",\"isPartOf\":{\"@id\":\"https:\/\/www.nuevapescanova.com\/#website\"},\"primaryImageOfPage\":{\"@id\":\"https:\/\/www.nuevapescanova.com\/gl\/2021\/04\/28\/el-grupo-nueva-pescanova-y-down-vigo-renuevan-su-acuerdo-para-insertar-laboralmente-a-personas-con-sindrome-de-down\/#primaryimage\"},\"image\":{\"@id\":\"https:\/\/www.nuevapescanova.com\/gl\/2021\/04\/28\/el-grupo-nueva-pescanova-y-down-vigo-renuevan-su-acuerdo-para-insertar-laboralmente-a-personas-con-sindrome-de-down\/#primaryimage\"},\"thumbnailUrl\":\"https:\/\/www.nuevapescanova.com\/nuevapescanova\/wp-content\/uploads\/2021\/04\/20210423_093943-scaled.jpg\",\"datePublished\":\"2021-04-28T14:20:00+00:00\",\"dateModified\":\"2021-06-14T14:22:48+00:00\",\"breadcrumb\":{\"@id\":\"https:\/\/www.nuevapescanova.com\/gl\/2021\/04\/28\/el-grupo-nueva-pescanova-y-down-vigo-renuevan-su-acuerdo-para-insertar-laboralmente-a-personas-con-sindrome-de-down\/#breadcrumb\"},\"inLanguage\":\"gl-ES\",\"potentialAction\":[{\"@type\":\"ReadAction\",\"target\":[\"https:\/\/www.nuevapescanova.com\/gl\/2021\/04\/28\/el-grupo-nueva-pescanova-y-down-vigo-renuevan-su-acuerdo-para-insertar-laboralmente-a-personas-con-sindrome-de-down\/\"]}]},{\"@type\":\"ImageObject\",\"inLanguage\":\"gl-ES\",\"@id\":\"https:\/\/www.nuevapescanova.com\/gl\/2021\/04\/28\/el-grupo-nueva-pescanova-y-down-vigo-renuevan-su-acuerdo-para-insertar-laboralmente-a-personas-con-sindrome-de-down\/#primaryimage\",\"url\":\"https:\/\/www.nuevapescanova.com\/nuevapescanova\/wp-content\/uploads\/2021\/04\/20210423_093943-scaled.jpg\",\"contentUrl\":\"https:\/\/www.nuevapescanova.com\/nuevapescanova\/wp-content\/uploads\/2021\/04\/20210423_093943-scaled.jpg\",\"width\":2560,\"height\":1920},{\"@type\":\"BreadcrumbList\",\"@id\":\"https:\/\/www.nuevapescanova.com\/gl\/2021\/04\/28\/el-grupo-nueva-pescanova-y-down-vigo-renuevan-su-acuerdo-para-insertar-laboralmente-a-personas-con-sindrome-de-down\/#breadcrumb\",\"itemListElement\":[{\"@type\":\"ListItem\",\"position\":1,\"name\":\"Portada\",\"item\":\"https:\/\/www.nuevapescanova.com\/gl\/\"},{\"@type\":\"ListItem\",\"position\":2,\"name\":\"El Grupo Nueva Pescanova y Down Vigo renuevan su acuerdo para insertar laboralmente a personas con S\u00edndrome de Down\"}]},{\"@type\":\"WebSite\",\"@id\":\"https:\/\/www.nuevapescanova.com\/#website\",\"url\":\"https:\/\/www.nuevapescanova.com\/\",\"name\":\"Nueva Pescanova\",\"description\":\"\",\"publisher\":{\"@id\":\"https:\/\/www.nuevapescanova.com\/#organization\"},\"potentialAction\":[{\"@type\":\"SearchAction\",\"target\":{\"@type\":\"EntryPoint\",\"urlTemplate\":\"https:\/\/www.nuevapescanova.com\/?s={search_term_string}\"},\"query-input\":{\"@type\":\"PropertyValueSpecification\",\"valueRequired\":true,\"valueName\":\"search_term_string\"}}],\"inLanguage\":\"gl-ES\"},{\"@type\":\"Organization\",\"@id\":\"https:\/\/www.nuevapescanova.com\/#organization\",\"name\":\"Nueva Pescanova\",\"url\":\"https:\/\/www.nuevapescanova.com\/\",\"logo\":{\"@type\":\"ImageObject\",\"inLanguage\":\"gl-ES\",\"@id\":\"https:\/\/www.nuevapescanova.com\/#\/schema\/logo\/image\/\",\"url\":\"https:\/\/www.nuevapescanova.com\/nuevapescanova\/wp-content\/uploads\/2023\/06\/Logo-Grupo-Nueva-Pescanova.jpg\",\"contentUrl\":\"https:\/\/www.nuevapescanova.com\/nuevapescanova\/wp-content\/uploads\/2023\/06\/Logo-Grupo-Nueva-Pescanova.jpg\",\"width\":800,\"height\":398,\"caption\":\"Nueva Pescanova\"},\"image\":{\"@id\":\"https:\/\/www.nuevapescanova.com\/#\/schema\/logo\/image\/\"},\"sameAs\":[\"https:\/\/x.com\/PescanovaCorp\",\"https:\/\/www.linkedin.com\/company\/nuevapescanova\/?originalSubdomain=es\"]},{\"@type\":\"Person\",\"@id\":\"https:\/\/www.nuevapescanova.com\/#\/schema\/person\/8b41cffabb9cfabdc36581e6839e1355\",\"name\":\"comunicacion\",\"image\":{\"@type\":\"ImageObject\",\"inLanguage\":\"gl-ES\",\"@id\":\"https:\/\/www.nuevapescanova.com\/#\/schema\/person\/image\/\",\"url\":\"https:\/\/secure.gravatar.com\/avatar\/3fdcb11972dd7c0cd6446cd61a4272e550ae23f4f17e8fd88e778f026d3e0748?s=96&d=mm&r=g\",\"contentUrl\":\"https:\/\/secure.gravatar.com\/avatar\/3fdcb11972dd7c0cd6446cd61a4272e550ae23f4f17e8fd88e778f026d3e0748?s=96&d=mm&r=g\",\"caption\":\"comunicacion\"},\"url\":\"https:\/\/www.nuevapescanova.com\/gl\/author\/comunicacion\/\"}]}<\/script>\n<!-- \/ Yoast SEO plugin. -->","yoast_head_json":{"title":"El Grupo Nueva Pescanova y Down Vigo renuevan su acuerdo para insertar laboralmente a personas con S\u00edndrome de Down - Nueva Pescanova","robots":{"index":"index","follow":"follow","max-snippet":"max-snippet:-1","max-image-preview":"max-image-preview:large","max-video-preview":"max-video-preview:-1"},"canonical":"https:\/\/www.nuevapescanova.com\/gl\/2021\/04\/28\/el-grupo-nueva-pescanova-y-down-vigo-renuevan-su-acuerdo-para-insertar-laboralmente-a-personas-con-sindrome-de-down\/","og_locale":"gl_ES","og_type":"article","og_title":"El Grupo Nueva Pescanova y Down Vigo renuevan su acuerdo para insertar laboralmente a personas con S\u00edndrome de Down - Nueva Pescanova","og_description":"Vigo, 28 de abril de 2021.- El Grupo Nueva Pescanova y Down Vigo han renovado su colaboraci\u00f3n para favorecer la integraci\u00f3n de personas con discapacidad intelectual [\u2026]","og_url":"https:\/\/www.nuevapescanova.com\/gl\/2021\/04\/28\/el-grupo-nueva-pescanova-y-down-vigo-renuevan-su-acuerdo-para-insertar-laboralmente-a-personas-con-sindrome-de-down\/","og_site_name":"Nueva Pescanova","article_published_time":"2021-04-28T14:20:00+00:00","article_modified_time":"2021-06-14T14:22:48+00:00","og_image":[{"width":2560,"height":1920,"url":"https:\/\/www.nuevapescanova.com\/nuevapescanova\/wp-content\/uploads\/2021\/04\/20210423_093943-scaled.jpg","type":"image\/jpeg"}],"author":"comunicacion","twitter_card":"summary_large_image","twitter_creator":"@PescanovaCorp","twitter_site":"@PescanovaCorp","twitter_misc":{"Written by":"comunicacion","Est. reading time":"1 minute"},"schema":{"@context":"https:\/\/schema.org","@graph":[{"@type":"Article","@id":"https:\/\/www.nuevapescanova.com\/gl\/2021\/04\/28\/el-grupo-nueva-pescanova-y-down-vigo-renuevan-su-acuerdo-para-insertar-laboralmente-a-personas-con-sindrome-de-down\/#article","isPartOf":{"@id":"https:\/\/www.nuevapescanova.com\/gl\/2021\/04\/28\/el-grupo-nueva-pescanova-y-down-vigo-renuevan-su-acuerdo-para-insertar-laboralmente-a-personas-con-sindrome-de-down\/"},"author":{"name":"comunicacion","@id":"https:\/\/www.nuevapescanova.com\/#\/schema\/person\/8b41cffabb9cfabdc36581e6839e1355"},"headline":"El Grupo Nueva Pescanova y Down Vigo renuevan su acuerdo para insertar laboralmente a personas con S\u00edndrome de Down","datePublished":"2021-04-28T14:20:00+00:00","dateModified":"2021-06-14T14:22:48+00:00","mainEntityOfPage":{"@id":"https:\/\/www.nuevapescanova.com\/gl\/2021\/04\/28\/el-grupo-nueva-pescanova-y-down-vigo-renuevan-su-acuerdo-para-insertar-laboralmente-a-personas-con-sindrome-de-down\/"},"wordCount":244,"publisher":{"@id":"https:\/\/www.nuevapescanova.com\/#organization"},"image":{"@id":"https:\/\/www.nuevapescanova.com\/gl\/2021\/04\/28\/el-grupo-nueva-pescanova-y-down-vigo-renuevan-su-acuerdo-para-insertar-laboralmente-a-personas-con-sindrome-de-down\/#primaryimage"},"thumbnailUrl":"https:\/\/www.nuevapescanova.com\/nuevapescanova\/wp-content\/uploads\/2021\/04\/20210423_093943-scaled.jpg","articleSection":["Uncategorized @gl"],"inLanguage":"gl-ES"},{"@type":"WebPage","@id":"https:\/\/www.nuevapescanova.com\/gl\/2021\/04\/28\/el-grupo-nueva-pescanova-y-down-vigo-renuevan-su-acuerdo-para-insertar-laboralmente-a-personas-con-sindrome-de-down\/","url":"https:\/\/www.nuevapescanova.com\/gl\/2021\/04\/28\/el-grupo-nueva-pescanova-y-down-vigo-renuevan-su-acuerdo-para-insertar-laboralmente-a-personas-con-sindrome-de-down\/","name":"El Grupo Nueva Pescanova y Down Vigo renuevan su acuerdo para insertar laboralmente a personas con S\u00edndrome de Down - Nueva Pescanova","isPartOf":{"@id":"https:\/\/www.nuevapescanova.com\/#website"},"primaryImageOfPage":{"@id":"https:\/\/www.nuevapescanova.com\/gl\/2021\/04\/28\/el-grupo-nueva-pescanova-y-down-vigo-renuevan-su-acuerdo-para-insertar-laboralmente-a-personas-con-sindrome-de-down\/#primaryimage"},"image":{"@id":"https:\/\/www.nuevapescanova.com\/gl\/2021\/04\/28\/el-grupo-nueva-pescanova-y-down-vigo-renuevan-su-acuerdo-para-insertar-laboralmente-a-personas-con-sindrome-de-down\/#primaryimage"},"thumbnailUrl":"https:\/\/www.nuevapescanova.com\/nuevapescanova\/wp-content\/uploads\/2021\/04\/20210423_093943-scaled.jpg","datePublished":"2021-04-28T14:20:00+00:00","dateModified":"2021-06-14T14:22:48+00:00","breadcrumb":{"@id":"https:\/\/www.nuevapescanova.com\/gl\/2021\/04\/28\/el-grupo-nueva-pescanova-y-down-vigo-renuevan-su-acuerdo-para-insertar-laboralmente-a-personas-con-sindrome-de-down\/#breadcrumb"},"inLanguage":"gl-ES","potentialAction":[{"@type":"ReadAction","target":["https:\/\/www.nuevapescanova.com\/gl\/2021\/04\/28\/el-grupo-nueva-pescanova-y-down-vigo-renuevan-su-acuerdo-para-insertar-laboralmente-a-personas-con-sindrome-de-down\/"]}]},{"@type":"ImageObject","inLanguage":"gl-ES","@id":"https:\/\/www.nuevapescanova.com\/gl\/2021\/04\/28\/el-grupo-nueva-pescanova-y-down-vigo-renuevan-su-acuerdo-para-insertar-laboralmente-a-personas-con-sindrome-de-down\/#primaryimage","url":"https:\/\/www.nuevapescanova.com\/nuevapescanova\/wp-content\/uploads\/2021\/04\/20210423_093943-scaled.jpg","contentUrl":"https:\/\/www.nuevapescanova.com\/nuevapescanova\/wp-content\/uploads\/2021\/04\/20210423_093943-scaled.jpg","width":2560,"height":1920},{"@type":"BreadcrumbList","@id":"https:\/\/www.nuevapescanova.com\/gl\/2021\/04\/28\/el-grupo-nueva-pescanova-y-down-vigo-renuevan-su-acuerdo-para-insertar-laboralmente-a-personas-con-sindrome-de-down\/#breadcrumb","itemListElement":[{"@type":"ListItem","position":1,"name":"Portada","item":"https:\/\/www.nuevapescanova.com\/gl\/"},{"@type":"ListItem","position":2,"name":"El Grupo Nueva Pescanova y Down Vigo renuevan su acuerdo para insertar laboralmente a personas con S\u00edndrome de Down"}]},{"@type":"WebSite","@id":"https:\/\/www.nuevapescanova.com\/#website","url":"https:\/\/www.nuevapescanova.com\/","name":"Nueva Pescanova","description":"","publisher":{"@id":"https:\/\/www.nuevapescanova.com\/#organization"},"potentialAction":[{"@type":"SearchAction","target":{"@type":"EntryPoint","urlTemplate":"https:\/\/www.nuevapescanova.com\/?s={search_term_string}"},"query-input":{"@type":"PropertyValueSpecification","valueRequired":true,"valueName":"search_term_string"}}],"inLanguage":"gl-ES"},{"@type":"Organization","@id":"https:\/\/www.nuevapescanova.com\/#organization","name":"Nueva Pescanova","url":"https:\/\/www.nuevapescanova.com\/","logo":{"@type":"ImageObject","inLanguage":"gl-ES","@id":"https:\/\/www.nuevapescanova.com\/#\/schema\/logo\/image\/","url":"https:\/\/www.nuevapescanova.com\/nuevapescanova\/wp-content\/uploads\/2023\/06\/Logo-Grupo-Nueva-Pescanova.jpg","contentUrl":"https:\/\/www.nuevapescanova.com\/nuevapescanova\/wp-content\/uploads\/2023\/06\/Logo-Grupo-Nueva-Pescanova.jpg","width":800,"height":398,"caption":"Nueva Pescanova"},"image":{"@id":"https:\/\/www.nuevapescanova.com\/#\/schema\/logo\/image\/"},"sameAs":["https:\/\/x.com\/PescanovaCorp","https:\/\/www.linkedin.com\/company\/nuevapescanova\/?originalSubdomain=es"]},{"@type":"Person","@id":"https:\/\/www.nuevapescanova.com\/#\/schema\/person\/8b41cffabb9cfabdc36581e6839e1355","name":"comunicacion","image":{"@type":"ImageObject","inLanguage":"gl-ES","@id":"https:\/\/www.nuevapescanova.com\/#\/schema\/person\/image\/","url":"https:\/\/secure.gravatar.com\/avatar\/3fdcb11972dd7c0cd6446cd61a4272e550ae23f4f17e8fd88e778f026d3e0748?s=96&d=mm&r=g","contentUrl":"https:\/\/secure.gravatar.com\/avatar\/3fdcb11972dd7c0cd6446cd61a4272e550ae23f4f17e8fd88e778f026d3e0748?s=96&d=mm&r=g","caption":"comunicacion"},"url":"https:\/\/www.nuevapescanova.com\/gl\/author\/comunicacion\/"}]}},"_links":{"self":[{"href":"https:\/\/www.nuevapescanova.com\/gl\/wp-json\/wp\/v2\/posts\/20986","targetHints":{"allow":["GET"]}}],"collection":[{"href":"https:\/\/www.nuevapescanova.com\/gl\/wp-json\/wp\/v2\/posts"}],"about":[{"href":"https:\/\/www.nuevapescanova.com\/gl\/wp-json\/wp\/v2\/types\/post"}],"author":[{"embeddable":true,"href":"https:\/\/www.nuevapescanova.com\/gl\/wp-json\/wp\/v2\/users\/3"}],"replies":[{"embeddable":true,"href":"https:\/\/www.nuevapescanova.com\/gl\/wp-json\/wp\/v2\/comments?post=20986"}],"version-history":[{"count":2,"href":"https:\/\/www.nuevapescanova.com\/gl\/wp-json\/wp\/v2\/posts\/20986\/revisions"}],"predecessor-version":[{"id":20988,"href":"https:\/\/www.nuevapescanova.com\/gl\/wp-json\/wp\/v2\/posts\/20986\/revisions\/20988"}],"wp:featuredmedia":[{"embeddable":true,"href":"https:\/\/www.nuevapescanova.com\/gl\/wp-json\/wp\/v2\/media\/19968"}],"wp:attachment":[{"href":"https:\/\/www.nuevapescanova.com\/gl\/wp-json\/wp\/v2\/media?parent=20986"}],"wp:term":[{"taxonomy":"category","embeddable":true,"href":"https:\/\/www.nuevapescanova.com\/gl\/wp-json\/wp\/v2\/categories?post=20986"},{"taxonomy":"post_tag","embeddable":true,"href":"https:\/\/www.nuevapescanova.com\/gl\/wp-json\/wp\/v2\/tags?post=20986"}],"curies":[{"name":"wp","href":"https:\/\/api.w.org\/{rel}","templated":true}]}}