{"id":28040,"date":"2022-07-04T08:05:03","date_gmt":"2022-07-04T08:05:03","guid":{"rendered":"https:\/\/www.nuevapescanova.com\/?p=28040"},"modified":"2022-07-04T08:08:09","modified_gmt":"2022-07-04T08:08:09","slug":"bertin-osborne-protagoniza-la-cancion-del-verano-de-rodolfos-a-golpe-de-ranchera","status":"publish","type":"post","link":"https:\/\/www.nuevapescanova.com\/gl\/2022\/07\/04\/bertin-osborne-protagoniza-la-cancion-del-verano-de-rodolfos-a-golpe-de-ranchera\/","title":{"rendered":"<strong>Bert\u00edn Osborne protagoniza la canci\u00f3n del verano de Rodolfos a golpe de ranchera<\/strong>"},"content":{"rendered":"\n<p><\/p>\n\n\n\n<p>\u25cf <strong>La marca lanza un nuevo <a href=\"https:\/\/youtu.be\/pRim7fO0BYc\" data-type=\"URL\" data-id=\"https:\/\/youtu.be\/pRim7fO0BYc\">videoclip<\/a> para fomentar el consumo de los Rodolfos en la \u00e9poca estival, como ya hizo el a\u00f1o pasado con cantantes como Antonio Orozco y Miriam, de Operaci\u00f3n Triunfo.<\/strong><\/p>\n\n\n\n<p><strong><em>Vigo, 4 de julio de 2022<\/em><\/strong><em>.- <\/em>Pescanova, la marca experta en productos del mar, ha estrenado un nuevo videoclip veraniego con Bert\u00edn Osborne como protagonista. El cantante y presentador espa\u00f1ol dedica una ranchera a uno de los productos m\u00e1s famosos de la marca: los Rodolfos.<\/p>\n\n\n\n<p>Bajo el claim <em>\u201cRodolfos, algo bueno cada d\u00eda\u201d, Pescanova <\/em>vuelve a utilizar el tono alegre y desenfadado para promocionar su producto estrella. Bert\u00edn canta acompa\u00f1ado de varios mariachis, mientras prepara una comida para sus amigos. Para su sorpresa, cuando abre la nevera, se da cuenta de que no le quedan langostinos, y recuerda con nostalgia distintos momentos en su casa de Sevilla disfrutando de los Rodolfos: en una tumbona en la piscina, mientras cuida de sus caballos, etc.<\/p>\n\n\n\n<p>De repente llegan los invitados y, cuando Bert\u00edn abre la puerta, se encuentra con que le traen diferentes variedades de la gama Rodolfos. Disfrutan en su jard\u00edn de una comida con los langostinos, gambones y gambas, tanto fr\u00edos, en ensalada, como salteados en tacos mexicanos o con un wok de verduras, en pinchos a la barbacoa o en una paella. \u201cCon Rodolfos nadie se marcha\u201d, canta Bert\u00edn varias veces en el videoclip.<\/p>\n\n\n\n<p>En palabras de Miguel \u00c1ngel Gonz\u00e1lez, director de Marketing e Innovaci\u00f3n del Grupo Nueva Pescanova, \u201cBert\u00edn no solo es conocido por muchas generaciones, sino que es una persona alegre y emp\u00e1tica. Su perfil \u201cdisfrut\u00f3n\u201d, junto con esta canci\u00f3n animada y acompa\u00f1ado por mariachis, nos ayuda a trasladar el mensaje de que los langostinos son un producto sano, rico, f\u00e1ciles de preparar y muy vers\u00e1tiles para cualquier comida y momento\u201d.<\/p>\n\n\n\n<p>El videoclip, en versiones de 60, 20 y 10 segundos, ser\u00e1 difundido en los canales digitales de la marca y estar\u00e1 acompa\u00f1ado de concursos en redes sociales y activaciones en el punto de venta.<\/p>\n\n\n\n<p>El verano pasado, Pescanova lanz\u00f3 varios videoclips tambi\u00e9n con el lema <em>\u201cRodolfos, algo bueno cada d\u00eda\u201d <\/em>con dos versiones protagonizadas por los cantantes Antonio Orozco y Miriam Rodr\u00edguez, de Operaci\u00f3n Triunfo. Al igual que en estas dos ocasiones, Bert\u00edn Osborne termina la canci\u00f3n con la famosa frase de Rodolfo que nos ha acompa\u00f1ado en las campa\u00f1as de publicidad durante varias d\u00e9cadas: \u201cLl\u00e9vame a casa\u201d.<\/p>\n","protected":false},"excerpt":{"rendered":"<p>\u25cf La marca lanza un nuevo videoclip para fomentar el consumo de los Rodolfos en la \u00e9poca estival, como ya hizo el a\u00f1o pasado con cantantes<span class=\"excerpt-hellip\"> [\u2026]<\/span><\/p>\n","protected":false},"author":3,"featured_media":28034,"comment_status":"closed","ping_status":"closed","sticky":false,"template":"","format":"standard","meta":{"_acf_changed":false,"footnotes":""},"categories":[115],"tags":[],"class_list":["post-28040","post","type-post","status-publish","format-standard","has-post-thumbnail","hentry","category-uncategorized-gl"],"acf":[],"yoast_head":"<!-- This site is optimized with the Yoast SEO plugin v25.9 - https:\/\/yoast.com\/wordpress\/plugins\/seo\/ -->\n<title>Bert\u00edn Osborne protagoniza la canci\u00f3n del verano de Rodolfos a golpe de ranchera - Nueva Pescanova<\/title>\n<meta name=\"robots\" content=\"index, follow, max-snippet:-1, max-image-preview:large, max-video-preview:-1\" \/>\n<link rel=\"canonical\" href=\"https:\/\/www.nuevapescanova.com\/gl\/2022\/07\/04\/bertin-osborne-protagoniza-la-cancion-del-verano-de-rodolfos-a-golpe-de-ranchera\/\" \/>\n<meta property=\"og:locale\" content=\"gl_ES\" \/>\n<meta property=\"og:type\" content=\"article\" \/>\n<meta property=\"og:title\" content=\"Bert\u00edn Osborne protagoniza la canci\u00f3n del verano de Rodolfos a golpe de ranchera - Nueva Pescanova\" \/>\n<meta property=\"og:description\" content=\"\u25cf La marca lanza un nuevo videoclip para fomentar el consumo de los Rodolfos en la \u00e9poca estival, como ya hizo el a\u00f1o pasado con cantantes [\u2026]\" \/>\n<meta property=\"og:url\" content=\"https:\/\/www.nuevapescanova.com\/gl\/2022\/07\/04\/bertin-osborne-protagoniza-la-cancion-del-verano-de-rodolfos-a-golpe-de-ranchera\/\" \/>\n<meta property=\"og:site_name\" content=\"Nueva Pescanova\" \/>\n<meta property=\"article:published_time\" content=\"2022-07-04T08:05:03+00:00\" \/>\n<meta property=\"article:modified_time\" content=\"2022-07-04T08:08:09+00:00\" \/>\n<meta property=\"og:image\" content=\"https:\/\/www.nuevapescanova.com\/nuevapescanova\/wp-content\/uploads\/2022\/07\/Campan\u0303a-de-verano-2022.png\" \/>\n\t<meta property=\"og:image:width\" content=\"1133\" \/>\n\t<meta property=\"og:image:height\" content=\"629\" \/>\n\t<meta property=\"og:image:type\" content=\"image\/png\" \/>\n<meta name=\"author\" content=\"comunicacion\" \/>\n<meta name=\"twitter:card\" content=\"summary_large_image\" \/>\n<meta name=\"twitter:creator\" content=\"@PescanovaCorp\" \/>\n<meta name=\"twitter:site\" content=\"@PescanovaCorp\" \/>\n<meta name=\"twitter:label1\" content=\"Written by\" \/>\n\t<meta name=\"twitter:data1\" content=\"comunicacion\" \/>\n\t<meta name=\"twitter:label2\" content=\"Est. reading time\" \/>\n\t<meta name=\"twitter:data2\" content=\"2 minutes\" \/>\n<script type=\"application\/ld+json\" class=\"yoast-schema-graph\">{\"@context\":\"https:\/\/schema.org\",\"@graph\":[{\"@type\":\"Article\",\"@id\":\"https:\/\/www.nuevapescanova.com\/gl\/2022\/07\/04\/bertin-osborne-protagoniza-la-cancion-del-verano-de-rodolfos-a-golpe-de-ranchera\/#article\",\"isPartOf\":{\"@id\":\"https:\/\/www.nuevapescanova.com\/gl\/2022\/07\/04\/bertin-osborne-protagoniza-la-cancion-del-verano-de-rodolfos-a-golpe-de-ranchera\/\"},\"author\":{\"name\":\"comunicacion\",\"@id\":\"https:\/\/www.nuevapescanova.com\/#\/schema\/person\/8b41cffabb9cfabdc36581e6839e1355\"},\"headline\":\"Bert\u00edn Osborne protagoniza la canci\u00f3n del verano de Rodolfos a golpe de ranchera\",\"datePublished\":\"2022-07-04T08:05:03+00:00\",\"dateModified\":\"2022-07-04T08:08:09+00:00\",\"mainEntityOfPage\":{\"@id\":\"https:\/\/www.nuevapescanova.com\/gl\/2022\/07\/04\/bertin-osborne-protagoniza-la-cancion-del-verano-de-rodolfos-a-golpe-de-ranchera\/\"},\"wordCount\":438,\"publisher\":{\"@id\":\"https:\/\/www.nuevapescanova.com\/#organization\"},\"image\":{\"@id\":\"https:\/\/www.nuevapescanova.com\/gl\/2022\/07\/04\/bertin-osborne-protagoniza-la-cancion-del-verano-de-rodolfos-a-golpe-de-ranchera\/#primaryimage\"},\"thumbnailUrl\":\"https:\/\/www.nuevapescanova.com\/nuevapescanova\/wp-content\/uploads\/2022\/07\/Campan\u0303a-de-verano-2022.png\",\"articleSection\":[\"Uncategorized @gl\"],\"inLanguage\":\"gl-ES\"},{\"@type\":\"WebPage\",\"@id\":\"https:\/\/www.nuevapescanova.com\/gl\/2022\/07\/04\/bertin-osborne-protagoniza-la-cancion-del-verano-de-rodolfos-a-golpe-de-ranchera\/\",\"url\":\"https:\/\/www.nuevapescanova.com\/gl\/2022\/07\/04\/bertin-osborne-protagoniza-la-cancion-del-verano-de-rodolfos-a-golpe-de-ranchera\/\",\"name\":\"Bert\u00edn Osborne protagoniza la canci\u00f3n del verano de Rodolfos a golpe de ranchera - Nueva Pescanova\",\"isPartOf\":{\"@id\":\"https:\/\/www.nuevapescanova.com\/#website\"},\"primaryImageOfPage\":{\"@id\":\"https:\/\/www.nuevapescanova.com\/gl\/2022\/07\/04\/bertin-osborne-protagoniza-la-cancion-del-verano-de-rodolfos-a-golpe-de-ranchera\/#primaryimage\"},\"image\":{\"@id\":\"https:\/\/www.nuevapescanova.com\/gl\/2022\/07\/04\/bertin-osborne-protagoniza-la-cancion-del-verano-de-rodolfos-a-golpe-de-ranchera\/#primaryimage\"},\"thumbnailUrl\":\"https:\/\/www.nuevapescanova.com\/nuevapescanova\/wp-content\/uploads\/2022\/07\/Campan\u0303a-de-verano-2022.png\",\"datePublished\":\"2022-07-04T08:05:03+00:00\",\"dateModified\":\"2022-07-04T08:08:09+00:00\",\"breadcrumb\":{\"@id\":\"https:\/\/www.nuevapescanova.com\/gl\/2022\/07\/04\/bertin-osborne-protagoniza-la-cancion-del-verano-de-rodolfos-a-golpe-de-ranchera\/#breadcrumb\"},\"inLanguage\":\"gl-ES\",\"potentialAction\":[{\"@type\":\"ReadAction\",\"target\":[\"https:\/\/www.nuevapescanova.com\/gl\/2022\/07\/04\/bertin-osborne-protagoniza-la-cancion-del-verano-de-rodolfos-a-golpe-de-ranchera\/\"]}]},{\"@type\":\"ImageObject\",\"inLanguage\":\"gl-ES\",\"@id\":\"https:\/\/www.nuevapescanova.com\/gl\/2022\/07\/04\/bertin-osborne-protagoniza-la-cancion-del-verano-de-rodolfos-a-golpe-de-ranchera\/#primaryimage\",\"url\":\"https:\/\/www.nuevapescanova.com\/nuevapescanova\/wp-content\/uploads\/2022\/07\/Campan\u0303a-de-verano-2022.png\",\"contentUrl\":\"https:\/\/www.nuevapescanova.com\/nuevapescanova\/wp-content\/uploads\/2022\/07\/Campan\u0303a-de-verano-2022.png\",\"width\":1133,\"height\":629},{\"@type\":\"BreadcrumbList\",\"@id\":\"https:\/\/www.nuevapescanova.com\/gl\/2022\/07\/04\/bertin-osborne-protagoniza-la-cancion-del-verano-de-rodolfos-a-golpe-de-ranchera\/#breadcrumb\",\"itemListElement\":[{\"@type\":\"ListItem\",\"position\":1,\"name\":\"Portada\",\"item\":\"https:\/\/www.nuevapescanova.com\/gl\/\"},{\"@type\":\"ListItem\",\"position\":2,\"name\":\"Bert\u00edn Osborne protagoniza la canci\u00f3n del verano de Rodolfos a golpe de ranchera\"}]},{\"@type\":\"WebSite\",\"@id\":\"https:\/\/www.nuevapescanova.com\/#website\",\"url\":\"https:\/\/www.nuevapescanova.com\/\",\"name\":\"Nueva Pescanova\",\"description\":\"\",\"publisher\":{\"@id\":\"https:\/\/www.nuevapescanova.com\/#organization\"},\"potentialAction\":[{\"@type\":\"SearchAction\",\"target\":{\"@type\":\"EntryPoint\",\"urlTemplate\":\"https:\/\/www.nuevapescanova.com\/?s={search_term_string}\"},\"query-input\":{\"@type\":\"PropertyValueSpecification\",\"valueRequired\":true,\"valueName\":\"search_term_string\"}}],\"inLanguage\":\"gl-ES\"},{\"@type\":\"Organization\",\"@id\":\"https:\/\/www.nuevapescanova.com\/#organization\",\"name\":\"Nueva Pescanova\",\"url\":\"https:\/\/www.nuevapescanova.com\/\",\"logo\":{\"@type\":\"ImageObject\",\"inLanguage\":\"gl-ES\",\"@id\":\"https:\/\/www.nuevapescanova.com\/#\/schema\/logo\/image\/\",\"url\":\"https:\/\/www.nuevapescanova.com\/nuevapescanova\/wp-content\/uploads\/2023\/06\/Logo-Grupo-Nueva-Pescanova.jpg\",\"contentUrl\":\"https:\/\/www.nuevapescanova.com\/nuevapescanova\/wp-content\/uploads\/2023\/06\/Logo-Grupo-Nueva-Pescanova.jpg\",\"width\":800,\"height\":398,\"caption\":\"Nueva Pescanova\"},\"image\":{\"@id\":\"https:\/\/www.nuevapescanova.com\/#\/schema\/logo\/image\/\"},\"sameAs\":[\"https:\/\/x.com\/PescanovaCorp\",\"https:\/\/www.linkedin.com\/company\/nuevapescanova\/?originalSubdomain=es\"]},{\"@type\":\"Person\",\"@id\":\"https:\/\/www.nuevapescanova.com\/#\/schema\/person\/8b41cffabb9cfabdc36581e6839e1355\",\"name\":\"comunicacion\",\"image\":{\"@type\":\"ImageObject\",\"inLanguage\":\"gl-ES\",\"@id\":\"https:\/\/www.nuevapescanova.com\/#\/schema\/person\/image\/\",\"url\":\"https:\/\/secure.gravatar.com\/avatar\/3fdcb11972dd7c0cd6446cd61a4272e550ae23f4f17e8fd88e778f026d3e0748?s=96&d=mm&r=g\",\"contentUrl\":\"https:\/\/secure.gravatar.com\/avatar\/3fdcb11972dd7c0cd6446cd61a4272e550ae23f4f17e8fd88e778f026d3e0748?s=96&d=mm&r=g\",\"caption\":\"comunicacion\"},\"url\":\"https:\/\/www.nuevapescanova.com\/gl\/author\/comunicacion\/\"}]}<\/script>\n<!-- \/ Yoast SEO plugin. -->","yoast_head_json":{"title":"Bert\u00edn Osborne protagoniza la canci\u00f3n del verano de Rodolfos a golpe de ranchera - Nueva Pescanova","robots":{"index":"index","follow":"follow","max-snippet":"max-snippet:-1","max-image-preview":"max-image-preview:large","max-video-preview":"max-video-preview:-1"},"canonical":"https:\/\/www.nuevapescanova.com\/gl\/2022\/07\/04\/bertin-osborne-protagoniza-la-cancion-del-verano-de-rodolfos-a-golpe-de-ranchera\/","og_locale":"gl_ES","og_type":"article","og_title":"Bert\u00edn Osborne protagoniza la canci\u00f3n del verano de Rodolfos a golpe de ranchera - Nueva Pescanova","og_description":"\u25cf La marca lanza un nuevo videoclip para fomentar el consumo de los Rodolfos en la \u00e9poca estival, como ya hizo el a\u00f1o pasado con cantantes [\u2026]","og_url":"https:\/\/www.nuevapescanova.com\/gl\/2022\/07\/04\/bertin-osborne-protagoniza-la-cancion-del-verano-de-rodolfos-a-golpe-de-ranchera\/","og_site_name":"Nueva Pescanova","article_published_time":"2022-07-04T08:05:03+00:00","article_modified_time":"2022-07-04T08:08:09+00:00","og_image":[{"width":1133,"height":629,"url":"https:\/\/www.nuevapescanova.com\/nuevapescanova\/wp-content\/uploads\/2022\/07\/Campan\u0303a-de-verano-2022.png","type":"image\/png"}],"author":"comunicacion","twitter_card":"summary_large_image","twitter_creator":"@PescanovaCorp","twitter_site":"@PescanovaCorp","twitter_misc":{"Written by":"comunicacion","Est. reading time":"2 minutes"},"schema":{"@context":"https:\/\/schema.org","@graph":[{"@type":"Article","@id":"https:\/\/www.nuevapescanova.com\/gl\/2022\/07\/04\/bertin-osborne-protagoniza-la-cancion-del-verano-de-rodolfos-a-golpe-de-ranchera\/#article","isPartOf":{"@id":"https:\/\/www.nuevapescanova.com\/gl\/2022\/07\/04\/bertin-osborne-protagoniza-la-cancion-del-verano-de-rodolfos-a-golpe-de-ranchera\/"},"author":{"name":"comunicacion","@id":"https:\/\/www.nuevapescanova.com\/#\/schema\/person\/8b41cffabb9cfabdc36581e6839e1355"},"headline":"Bert\u00edn Osborne protagoniza la canci\u00f3n del verano de Rodolfos a golpe de ranchera","datePublished":"2022-07-04T08:05:03+00:00","dateModified":"2022-07-04T08:08:09+00:00","mainEntityOfPage":{"@id":"https:\/\/www.nuevapescanova.com\/gl\/2022\/07\/04\/bertin-osborne-protagoniza-la-cancion-del-verano-de-rodolfos-a-golpe-de-ranchera\/"},"wordCount":438,"publisher":{"@id":"https:\/\/www.nuevapescanova.com\/#organization"},"image":{"@id":"https:\/\/www.nuevapescanova.com\/gl\/2022\/07\/04\/bertin-osborne-protagoniza-la-cancion-del-verano-de-rodolfos-a-golpe-de-ranchera\/#primaryimage"},"thumbnailUrl":"https:\/\/www.nuevapescanova.com\/nuevapescanova\/wp-content\/uploads\/2022\/07\/Campan\u0303a-de-verano-2022.png","articleSection":["Uncategorized @gl"],"inLanguage":"gl-ES"},{"@type":"WebPage","@id":"https:\/\/www.nuevapescanova.com\/gl\/2022\/07\/04\/bertin-osborne-protagoniza-la-cancion-del-verano-de-rodolfos-a-golpe-de-ranchera\/","url":"https:\/\/www.nuevapescanova.com\/gl\/2022\/07\/04\/bertin-osborne-protagoniza-la-cancion-del-verano-de-rodolfos-a-golpe-de-ranchera\/","name":"Bert\u00edn Osborne protagoniza la canci\u00f3n del verano de Rodolfos a golpe de ranchera - Nueva Pescanova","isPartOf":{"@id":"https:\/\/www.nuevapescanova.com\/#website"},"primaryImageOfPage":{"@id":"https:\/\/www.nuevapescanova.com\/gl\/2022\/07\/04\/bertin-osborne-protagoniza-la-cancion-del-verano-de-rodolfos-a-golpe-de-ranchera\/#primaryimage"},"image":{"@id":"https:\/\/www.nuevapescanova.com\/gl\/2022\/07\/04\/bertin-osborne-protagoniza-la-cancion-del-verano-de-rodolfos-a-golpe-de-ranchera\/#primaryimage"},"thumbnailUrl":"https:\/\/www.nuevapescanova.com\/nuevapescanova\/wp-content\/uploads\/2022\/07\/Campan\u0303a-de-verano-2022.png","datePublished":"2022-07-04T08:05:03+00:00","dateModified":"2022-07-04T08:08:09+00:00","breadcrumb":{"@id":"https:\/\/www.nuevapescanova.com\/gl\/2022\/07\/04\/bertin-osborne-protagoniza-la-cancion-del-verano-de-rodolfos-a-golpe-de-ranchera\/#breadcrumb"},"inLanguage":"gl-ES","potentialAction":[{"@type":"ReadAction","target":["https:\/\/www.nuevapescanova.com\/gl\/2022\/07\/04\/bertin-osborne-protagoniza-la-cancion-del-verano-de-rodolfos-a-golpe-de-ranchera\/"]}]},{"@type":"ImageObject","inLanguage":"gl-ES","@id":"https:\/\/www.nuevapescanova.com\/gl\/2022\/07\/04\/bertin-osborne-protagoniza-la-cancion-del-verano-de-rodolfos-a-golpe-de-ranchera\/#primaryimage","url":"https:\/\/www.nuevapescanova.com\/nuevapescanova\/wp-content\/uploads\/2022\/07\/Campan\u0303a-de-verano-2022.png","contentUrl":"https:\/\/www.nuevapescanova.com\/nuevapescanova\/wp-content\/uploads\/2022\/07\/Campan\u0303a-de-verano-2022.png","width":1133,"height":629},{"@type":"BreadcrumbList","@id":"https:\/\/www.nuevapescanova.com\/gl\/2022\/07\/04\/bertin-osborne-protagoniza-la-cancion-del-verano-de-rodolfos-a-golpe-de-ranchera\/#breadcrumb","itemListElement":[{"@type":"ListItem","position":1,"name":"Portada","item":"https:\/\/www.nuevapescanova.com\/gl\/"},{"@type":"ListItem","position":2,"name":"Bert\u00edn Osborne protagoniza la canci\u00f3n del verano de Rodolfos a golpe de ranchera"}]},{"@type":"WebSite","@id":"https:\/\/www.nuevapescanova.com\/#website","url":"https:\/\/www.nuevapescanova.com\/","name":"Nueva Pescanova","description":"","publisher":{"@id":"https:\/\/www.nuevapescanova.com\/#organization"},"potentialAction":[{"@type":"SearchAction","target":{"@type":"EntryPoint","urlTemplate":"https:\/\/www.nuevapescanova.com\/?s={search_term_string}"},"query-input":{"@type":"PropertyValueSpecification","valueRequired":true,"valueName":"search_term_string"}}],"inLanguage":"gl-ES"},{"@type":"Organization","@id":"https:\/\/www.nuevapescanova.com\/#organization","name":"Nueva Pescanova","url":"https:\/\/www.nuevapescanova.com\/","logo":{"@type":"ImageObject","inLanguage":"gl-ES","@id":"https:\/\/www.nuevapescanova.com\/#\/schema\/logo\/image\/","url":"https:\/\/www.nuevapescanova.com\/nuevapescanova\/wp-content\/uploads\/2023\/06\/Logo-Grupo-Nueva-Pescanova.jpg","contentUrl":"https:\/\/www.nuevapescanova.com\/nuevapescanova\/wp-content\/uploads\/2023\/06\/Logo-Grupo-Nueva-Pescanova.jpg","width":800,"height":398,"caption":"Nueva Pescanova"},"image":{"@id":"https:\/\/www.nuevapescanova.com\/#\/schema\/logo\/image\/"},"sameAs":["https:\/\/x.com\/PescanovaCorp","https:\/\/www.linkedin.com\/company\/nuevapescanova\/?originalSubdomain=es"]},{"@type":"Person","@id":"https:\/\/www.nuevapescanova.com\/#\/schema\/person\/8b41cffabb9cfabdc36581e6839e1355","name":"comunicacion","image":{"@type":"ImageObject","inLanguage":"gl-ES","@id":"https:\/\/www.nuevapescanova.com\/#\/schema\/person\/image\/","url":"https:\/\/secure.gravatar.com\/avatar\/3fdcb11972dd7c0cd6446cd61a4272e550ae23f4f17e8fd88e778f026d3e0748?s=96&d=mm&r=g","contentUrl":"https:\/\/secure.gravatar.com\/avatar\/3fdcb11972dd7c0cd6446cd61a4272e550ae23f4f17e8fd88e778f026d3e0748?s=96&d=mm&r=g","caption":"comunicacion"},"url":"https:\/\/www.nuevapescanova.com\/gl\/author\/comunicacion\/"}]}},"_links":{"self":[{"href":"https:\/\/www.nuevapescanova.com\/gl\/wp-json\/wp\/v2\/posts\/28040","targetHints":{"allow":["GET"]}}],"collection":[{"href":"https:\/\/www.nuevapescanova.com\/gl\/wp-json\/wp\/v2\/posts"}],"about":[{"href":"https:\/\/www.nuevapescanova.com\/gl\/wp-json\/wp\/v2\/types\/post"}],"author":[{"embeddable":true,"href":"https:\/\/www.nuevapescanova.com\/gl\/wp-json\/wp\/v2\/users\/3"}],"replies":[{"embeddable":true,"href":"https:\/\/www.nuevapescanova.com\/gl\/wp-json\/wp\/v2\/comments?post=28040"}],"version-history":[{"count":3,"href":"https:\/\/www.nuevapescanova.com\/gl\/wp-json\/wp\/v2\/posts\/28040\/revisions"}],"predecessor-version":[{"id":28044,"href":"https:\/\/www.nuevapescanova.com\/gl\/wp-json\/wp\/v2\/posts\/28040\/revisions\/28044"}],"wp:featuredmedia":[{"embeddable":true,"href":"https:\/\/www.nuevapescanova.com\/gl\/wp-json\/wp\/v2\/media\/28034"}],"wp:attachment":[{"href":"https:\/\/www.nuevapescanova.com\/gl\/wp-json\/wp\/v2\/media?parent=28040"}],"wp:term":[{"taxonomy":"category","embeddable":true,"href":"https:\/\/www.nuevapescanova.com\/gl\/wp-json\/wp\/v2\/categories?post=28040"},{"taxonomy":"post_tag","embeddable":true,"href":"https:\/\/www.nuevapescanova.com\/gl\/wp-json\/wp\/v2\/tags?post=28040"}],"curies":[{"name":"wp","href":"https:\/\/api.w.org\/{rel}","templated":true}]}}