{"id":28165,"date":"2022-07-06T08:42:00","date_gmt":"2022-07-06T08:42:00","guid":{"rendered":"https:\/\/www.nuevapescanova.com\/?p=28165"},"modified":"2022-07-12T08:44:48","modified_gmt":"2022-07-12T08:44:48","slug":"la-ministra-del-mar-de-mozambique-visita-el-grupo-nueva-pescanova-en-galicia-2","status":"publish","type":"post","link":"https:\/\/www.nuevapescanova.com\/gl\/2022\/07\/06\/la-ministra-del-mar-de-mozambique-visita-el-grupo-nueva-pescanova-en-galicia-2\/","title":{"rendered":"La ministra del Mar de Mozambique visita el Grupo Nueva Pescanova en Galicia"},"content":{"rendered":"\n<ul class=\"wp-block-list\"><li><strong>A trav\u00e9s de su filial Pescamar, emplea en el pa\u00eds a m\u00e1s de 1.000 personas, de las que m\u00e1s del 95% son mozambique\u00f1as.<\/strong><\/li><\/ul>\n\n\n\n<ul class=\"wp-block-list\"><li><strong>Pescamar opera con 30 barcos, principalmente para la pesca de langostino. Adem\u00e1s, la filial de Nueva Pescanova gestiona el principal astillero de reparaci\u00f3n naval de Mozambique.<\/strong><\/li><\/ul>\n\n\n\n<p><a><\/a><strong><em>Vigo, 6 de julio de 2022<\/em><\/strong><em>.-<\/em> La ministra del Mar, Aguas Interiores y Pesca de Mozambique, L\u00eddia de F\u00e1tima da Gra\u00e7a Cardoso; la embajadora de Mozambique en Espa\u00f1a, Maria Manuela Dos Santos; y la directora del Instituto Nacional de Desarrollo de Pesca y Acuicultura de Mozambique (IDEPA), Paula Santana Afonso, entre otras autoridades, est\u00e1n realizando una visita institucional al Grupo Nueva Pescanova en Galicia, al que pertenece Pescamar, la filial mozambique\u00f1a de la multinacional pesquera.<\/p>\n\n\n\n<p>Acompa\u00f1ados del presidente y del CEO de la multinacional, Jos\u00e9 Mar\u00eda Benavent e Ignacio Gonz\u00e1lez, respectivamente, el Grupo Nueva Pescanova ha explorado con el Ministerio la posibilidad de colaboraci\u00f3n para enfrentar los desaf\u00edos que enfrenta el sector pesquero, y que ayudar\u00e1n a la sostenibilidad de los recursos.<\/p>\n\n\n\n<p>El Grupo Nueva Pescanova opera en Mozambique desde 1980, empleando de manera estable a 1.020 personas, de las que m\u00e1s del 95% son de origen mozambique\u00f1o y m\u00e1s de 300 trabajan en tierra en la cadena de valor de la operaci\u00f3n pesquera. Pescamar cuenta el pa\u00eds con 30 barcos, dedicados principalmente a la pesca de langostino. Adem\u00e1s, gestiona el principal astillero de reparaci\u00f3n naval del pa\u00eds.<\/p>\n\n\n\n<p>El Grupo Nueva Pescanova ha mostrado su compromiso con Mozambique con 55 acciones de RSC tan solo en 2021, y realiza continuamente inversiones, como la construcci\u00f3n de nuevos buques eficientes en reducci\u00f3n de emisiones y con los m\u00e1ximos est\u00e1ndares de trabajo a bordo. Tambi\u00e9n participa en la primera Alianza P\u00fablico-Privada de Desarrollo (APPD) creada en este pa\u00eds, a trav\u00e9s del Programa para el Refuerzo de las Capacidades Profesionales del Sector Mar\u00edtimo-Pesquero de Mozambique, que ha sido promovida por la AECID, la Conseller\u00eda del Mar de la Xunta de Galicia, el Ministerio de Mar, Aguas Interiores y Pescas de Mozambique y el Grupo Nueva Pescanova y Pescamar. A trav\u00e9s de este programa, estudiantes mozambique\u00f1os se forman a bordo de los buques de Pescamar con la finalidad de facilitar el relevo generacional.<\/p>\n\n\n\n<p>La delegaci\u00f3n est\u00e1 conociendo de primera mano las f\u00e1bricas dedicadas a la cocci\u00f3n de langostino en Arteixo (A Coru\u00f1a); las plantas de surimi de Chapela (Redondela); la de productos elaborados y rebozados en Porri\u00f1o (Pontevedra), as\u00ed como las instalaciones acu\u00edcolas de rodaballo en Moug\u00e1s (Oia. Pontevedra) y el Pescanova Biomarine Center, centro puntero en I+D+i de Acuicultura, ubicado en O Grove y donde la empresa es pionera en conseguir cerrar el ciclo del cultivo del pulpo en el mundo.<\/p>\n","protected":false},"excerpt":{"rendered":"<p>A trav\u00e9s de su filial Pescamar, emplea en el pa\u00eds a m\u00e1s de 1.000 personas, de las que m\u00e1s del 95% son mozambique\u00f1as. Pescamar opera con<span class=\"excerpt-hellip\"> [\u2026]<\/span><\/p>\n","protected":false},"author":3,"featured_media":28130,"comment_status":"closed","ping_status":"closed","sticky":false,"template":"","format":"standard","meta":{"_acf_changed":false,"footnotes":""},"categories":[132],"tags":[],"class_list":["post-28165","post","type-post","status-publish","format-standard","has-post-thumbnail","hentry","category-nota-de-prensa-gl"],"acf":[],"yoast_head":"<!-- This site is optimized with the Yoast SEO plugin v25.9 - https:\/\/yoast.com\/wordpress\/plugins\/seo\/ -->\n<title>La ministra del Mar de Mozambique visita el Grupo Nueva Pescanova en Galicia - Nueva Pescanova<\/title>\n<meta name=\"robots\" content=\"index, follow, max-snippet:-1, max-image-preview:large, max-video-preview:-1\" \/>\n<link rel=\"canonical\" href=\"https:\/\/www.nuevapescanova.com\/gl\/2022\/07\/06\/la-ministra-del-mar-de-mozambique-visita-el-grupo-nueva-pescanova-en-galicia-2\/\" \/>\n<meta property=\"og:locale\" content=\"gl_ES\" \/>\n<meta property=\"og:type\" content=\"article\" \/>\n<meta property=\"og:title\" content=\"La ministra del Mar de Mozambique visita el Grupo Nueva Pescanova en Galicia - Nueva Pescanova\" \/>\n<meta property=\"og:description\" content=\"A trav\u00e9s de su filial Pescamar, emplea en el pa\u00eds a m\u00e1s de 1.000 personas, de las que m\u00e1s del 95% son mozambique\u00f1as. Pescamar opera con [\u2026]\" \/>\n<meta property=\"og:url\" content=\"https:\/\/www.nuevapescanova.com\/gl\/2022\/07\/06\/la-ministra-del-mar-de-mozambique-visita-el-grupo-nueva-pescanova-en-galicia-2\/\" \/>\n<meta property=\"og:site_name\" content=\"Nueva Pescanova\" \/>\n<meta property=\"article:published_time\" content=\"2022-07-06T08:42:00+00:00\" \/>\n<meta property=\"article:modified_time\" content=\"2022-07-12T08:44:48+00:00\" \/>\n<meta property=\"og:image\" content=\"https:\/\/www.nuevapescanova.com\/nuevapescanova\/wp-content\/uploads\/2022\/07\/Visita-Ministra-Mozambique-scaled.jpg\" \/>\n\t<meta property=\"og:image:width\" content=\"2560\" \/>\n\t<meta property=\"og:image:height\" content=\"1645\" \/>\n\t<meta property=\"og:image:type\" content=\"image\/jpeg\" \/>\n<meta name=\"author\" content=\"comunicacion\" \/>\n<meta name=\"twitter:card\" content=\"summary_large_image\" \/>\n<meta name=\"twitter:creator\" content=\"@PescanovaCorp\" \/>\n<meta name=\"twitter:site\" content=\"@PescanovaCorp\" \/>\n<meta name=\"twitter:label1\" content=\"Written by\" \/>\n\t<meta name=\"twitter:data1\" content=\"comunicacion\" \/>\n\t<meta name=\"twitter:label2\" content=\"Est. reading time\" \/>\n\t<meta name=\"twitter:data2\" content=\"2 minutes\" \/>\n<script type=\"application\/ld+json\" class=\"yoast-schema-graph\">{\"@context\":\"https:\/\/schema.org\",\"@graph\":[{\"@type\":\"Article\",\"@id\":\"https:\/\/www.nuevapescanova.com\/gl\/2022\/07\/06\/la-ministra-del-mar-de-mozambique-visita-el-grupo-nueva-pescanova-en-galicia-2\/#article\",\"isPartOf\":{\"@id\":\"https:\/\/www.nuevapescanova.com\/gl\/2022\/07\/06\/la-ministra-del-mar-de-mozambique-visita-el-grupo-nueva-pescanova-en-galicia-2\/\"},\"author\":{\"name\":\"comunicacion\",\"@id\":\"https:\/\/www.nuevapescanova.com\/#\/schema\/person\/8b41cffabb9cfabdc36581e6839e1355\"},\"headline\":\"La ministra del Mar de Mozambique visita el Grupo Nueva Pescanova en Galicia\",\"datePublished\":\"2022-07-06T08:42:00+00:00\",\"dateModified\":\"2022-07-12T08:44:48+00:00\",\"mainEntityOfPage\":{\"@id\":\"https:\/\/www.nuevapescanova.com\/gl\/2022\/07\/06\/la-ministra-del-mar-de-mozambique-visita-el-grupo-nueva-pescanova-en-galicia-2\/\"},\"wordCount\":496,\"publisher\":{\"@id\":\"https:\/\/www.nuevapescanova.com\/#organization\"},\"image\":{\"@id\":\"https:\/\/www.nuevapescanova.com\/gl\/2022\/07\/06\/la-ministra-del-mar-de-mozambique-visita-el-grupo-nueva-pescanova-en-galicia-2\/#primaryimage\"},\"thumbnailUrl\":\"https:\/\/www.nuevapescanova.com\/nuevapescanova\/wp-content\/uploads\/2022\/07\/Visita-Ministra-Mozambique-scaled.jpg\",\"articleSection\":[\"Nota de prensa\"],\"inLanguage\":\"gl-ES\"},{\"@type\":\"WebPage\",\"@id\":\"https:\/\/www.nuevapescanova.com\/gl\/2022\/07\/06\/la-ministra-del-mar-de-mozambique-visita-el-grupo-nueva-pescanova-en-galicia-2\/\",\"url\":\"https:\/\/www.nuevapescanova.com\/gl\/2022\/07\/06\/la-ministra-del-mar-de-mozambique-visita-el-grupo-nueva-pescanova-en-galicia-2\/\",\"name\":\"La ministra del Mar de Mozambique visita el Grupo Nueva Pescanova en Galicia - Nueva Pescanova\",\"isPartOf\":{\"@id\":\"https:\/\/www.nuevapescanova.com\/#website\"},\"primaryImageOfPage\":{\"@id\":\"https:\/\/www.nuevapescanova.com\/gl\/2022\/07\/06\/la-ministra-del-mar-de-mozambique-visita-el-grupo-nueva-pescanova-en-galicia-2\/#primaryimage\"},\"image\":{\"@id\":\"https:\/\/www.nuevapescanova.com\/gl\/2022\/07\/06\/la-ministra-del-mar-de-mozambique-visita-el-grupo-nueva-pescanova-en-galicia-2\/#primaryimage\"},\"thumbnailUrl\":\"https:\/\/www.nuevapescanova.com\/nuevapescanova\/wp-content\/uploads\/2022\/07\/Visita-Ministra-Mozambique-scaled.jpg\",\"datePublished\":\"2022-07-06T08:42:00+00:00\",\"dateModified\":\"2022-07-12T08:44:48+00:00\",\"breadcrumb\":{\"@id\":\"https:\/\/www.nuevapescanova.com\/gl\/2022\/07\/06\/la-ministra-del-mar-de-mozambique-visita-el-grupo-nueva-pescanova-en-galicia-2\/#breadcrumb\"},\"inLanguage\":\"gl-ES\",\"potentialAction\":[{\"@type\":\"ReadAction\",\"target\":[\"https:\/\/www.nuevapescanova.com\/gl\/2022\/07\/06\/la-ministra-del-mar-de-mozambique-visita-el-grupo-nueva-pescanova-en-galicia-2\/\"]}]},{\"@type\":\"ImageObject\",\"inLanguage\":\"gl-ES\",\"@id\":\"https:\/\/www.nuevapescanova.com\/gl\/2022\/07\/06\/la-ministra-del-mar-de-mozambique-visita-el-grupo-nueva-pescanova-en-galicia-2\/#primaryimage\",\"url\":\"https:\/\/www.nuevapescanova.com\/nuevapescanova\/wp-content\/uploads\/2022\/07\/Visita-Ministra-Mozambique-scaled.jpg\",\"contentUrl\":\"https:\/\/www.nuevapescanova.com\/nuevapescanova\/wp-content\/uploads\/2022\/07\/Visita-Ministra-Mozambique-scaled.jpg\",\"width\":2560,\"height\":1645},{\"@type\":\"BreadcrumbList\",\"@id\":\"https:\/\/www.nuevapescanova.com\/gl\/2022\/07\/06\/la-ministra-del-mar-de-mozambique-visita-el-grupo-nueva-pescanova-en-galicia-2\/#breadcrumb\",\"itemListElement\":[{\"@type\":\"ListItem\",\"position\":1,\"name\":\"Portada\",\"item\":\"https:\/\/www.nuevapescanova.com\/gl\/\"},{\"@type\":\"ListItem\",\"position\":2,\"name\":\"La ministra del Mar de Mozambique visita el Grupo Nueva Pescanova en Galicia\"}]},{\"@type\":\"WebSite\",\"@id\":\"https:\/\/www.nuevapescanova.com\/#website\",\"url\":\"https:\/\/www.nuevapescanova.com\/\",\"name\":\"Nueva Pescanova\",\"description\":\"\",\"publisher\":{\"@id\":\"https:\/\/www.nuevapescanova.com\/#organization\"},\"potentialAction\":[{\"@type\":\"SearchAction\",\"target\":{\"@type\":\"EntryPoint\",\"urlTemplate\":\"https:\/\/www.nuevapescanova.com\/?s={search_term_string}\"},\"query-input\":{\"@type\":\"PropertyValueSpecification\",\"valueRequired\":true,\"valueName\":\"search_term_string\"}}],\"inLanguage\":\"gl-ES\"},{\"@type\":\"Organization\",\"@id\":\"https:\/\/www.nuevapescanova.com\/#organization\",\"name\":\"Nueva Pescanova\",\"url\":\"https:\/\/www.nuevapescanova.com\/\",\"logo\":{\"@type\":\"ImageObject\",\"inLanguage\":\"gl-ES\",\"@id\":\"https:\/\/www.nuevapescanova.com\/#\/schema\/logo\/image\/\",\"url\":\"https:\/\/www.nuevapescanova.com\/nuevapescanova\/wp-content\/uploads\/2023\/06\/Logo-Grupo-Nueva-Pescanova.jpg\",\"contentUrl\":\"https:\/\/www.nuevapescanova.com\/nuevapescanova\/wp-content\/uploads\/2023\/06\/Logo-Grupo-Nueva-Pescanova.jpg\",\"width\":800,\"height\":398,\"caption\":\"Nueva Pescanova\"},\"image\":{\"@id\":\"https:\/\/www.nuevapescanova.com\/#\/schema\/logo\/image\/\"},\"sameAs\":[\"https:\/\/x.com\/PescanovaCorp\",\"https:\/\/www.linkedin.com\/company\/nuevapescanova\/?originalSubdomain=es\"]},{\"@type\":\"Person\",\"@id\":\"https:\/\/www.nuevapescanova.com\/#\/schema\/person\/8b41cffabb9cfabdc36581e6839e1355\",\"name\":\"comunicacion\",\"image\":{\"@type\":\"ImageObject\",\"inLanguage\":\"gl-ES\",\"@id\":\"https:\/\/www.nuevapescanova.com\/#\/schema\/person\/image\/\",\"url\":\"https:\/\/secure.gravatar.com\/avatar\/3fdcb11972dd7c0cd6446cd61a4272e550ae23f4f17e8fd88e778f026d3e0748?s=96&d=mm&r=g\",\"contentUrl\":\"https:\/\/secure.gravatar.com\/avatar\/3fdcb11972dd7c0cd6446cd61a4272e550ae23f4f17e8fd88e778f026d3e0748?s=96&d=mm&r=g\",\"caption\":\"comunicacion\"},\"url\":\"https:\/\/www.nuevapescanova.com\/gl\/author\/comunicacion\/\"}]}<\/script>\n<!-- \/ Yoast SEO plugin. -->","yoast_head_json":{"title":"La ministra del Mar de Mozambique visita el Grupo Nueva Pescanova en Galicia - Nueva Pescanova","robots":{"index":"index","follow":"follow","max-snippet":"max-snippet:-1","max-image-preview":"max-image-preview:large","max-video-preview":"max-video-preview:-1"},"canonical":"https:\/\/www.nuevapescanova.com\/gl\/2022\/07\/06\/la-ministra-del-mar-de-mozambique-visita-el-grupo-nueva-pescanova-en-galicia-2\/","og_locale":"gl_ES","og_type":"article","og_title":"La ministra del Mar de Mozambique visita el Grupo Nueva Pescanova en Galicia - Nueva Pescanova","og_description":"A trav\u00e9s de su filial Pescamar, emplea en el pa\u00eds a m\u00e1s de 1.000 personas, de las que m\u00e1s del 95% son mozambique\u00f1as. Pescamar opera con [\u2026]","og_url":"https:\/\/www.nuevapescanova.com\/gl\/2022\/07\/06\/la-ministra-del-mar-de-mozambique-visita-el-grupo-nueva-pescanova-en-galicia-2\/","og_site_name":"Nueva Pescanova","article_published_time":"2022-07-06T08:42:00+00:00","article_modified_time":"2022-07-12T08:44:48+00:00","og_image":[{"width":2560,"height":1645,"url":"https:\/\/www.nuevapescanova.com\/nuevapescanova\/wp-content\/uploads\/2022\/07\/Visita-Ministra-Mozambique-scaled.jpg","type":"image\/jpeg"}],"author":"comunicacion","twitter_card":"summary_large_image","twitter_creator":"@PescanovaCorp","twitter_site":"@PescanovaCorp","twitter_misc":{"Written by":"comunicacion","Est. reading time":"2 minutes"},"schema":{"@context":"https:\/\/schema.org","@graph":[{"@type":"Article","@id":"https:\/\/www.nuevapescanova.com\/gl\/2022\/07\/06\/la-ministra-del-mar-de-mozambique-visita-el-grupo-nueva-pescanova-en-galicia-2\/#article","isPartOf":{"@id":"https:\/\/www.nuevapescanova.com\/gl\/2022\/07\/06\/la-ministra-del-mar-de-mozambique-visita-el-grupo-nueva-pescanova-en-galicia-2\/"},"author":{"name":"comunicacion","@id":"https:\/\/www.nuevapescanova.com\/#\/schema\/person\/8b41cffabb9cfabdc36581e6839e1355"},"headline":"La ministra del Mar de Mozambique visita el Grupo Nueva Pescanova en Galicia","datePublished":"2022-07-06T08:42:00+00:00","dateModified":"2022-07-12T08:44:48+00:00","mainEntityOfPage":{"@id":"https:\/\/www.nuevapescanova.com\/gl\/2022\/07\/06\/la-ministra-del-mar-de-mozambique-visita-el-grupo-nueva-pescanova-en-galicia-2\/"},"wordCount":496,"publisher":{"@id":"https:\/\/www.nuevapescanova.com\/#organization"},"image":{"@id":"https:\/\/www.nuevapescanova.com\/gl\/2022\/07\/06\/la-ministra-del-mar-de-mozambique-visita-el-grupo-nueva-pescanova-en-galicia-2\/#primaryimage"},"thumbnailUrl":"https:\/\/www.nuevapescanova.com\/nuevapescanova\/wp-content\/uploads\/2022\/07\/Visita-Ministra-Mozambique-scaled.jpg","articleSection":["Nota de prensa"],"inLanguage":"gl-ES"},{"@type":"WebPage","@id":"https:\/\/www.nuevapescanova.com\/gl\/2022\/07\/06\/la-ministra-del-mar-de-mozambique-visita-el-grupo-nueva-pescanova-en-galicia-2\/","url":"https:\/\/www.nuevapescanova.com\/gl\/2022\/07\/06\/la-ministra-del-mar-de-mozambique-visita-el-grupo-nueva-pescanova-en-galicia-2\/","name":"La ministra del Mar de Mozambique visita el Grupo Nueva Pescanova en Galicia - Nueva Pescanova","isPartOf":{"@id":"https:\/\/www.nuevapescanova.com\/#website"},"primaryImageOfPage":{"@id":"https:\/\/www.nuevapescanova.com\/gl\/2022\/07\/06\/la-ministra-del-mar-de-mozambique-visita-el-grupo-nueva-pescanova-en-galicia-2\/#primaryimage"},"image":{"@id":"https:\/\/www.nuevapescanova.com\/gl\/2022\/07\/06\/la-ministra-del-mar-de-mozambique-visita-el-grupo-nueva-pescanova-en-galicia-2\/#primaryimage"},"thumbnailUrl":"https:\/\/www.nuevapescanova.com\/nuevapescanova\/wp-content\/uploads\/2022\/07\/Visita-Ministra-Mozambique-scaled.jpg","datePublished":"2022-07-06T08:42:00+00:00","dateModified":"2022-07-12T08:44:48+00:00","breadcrumb":{"@id":"https:\/\/www.nuevapescanova.com\/gl\/2022\/07\/06\/la-ministra-del-mar-de-mozambique-visita-el-grupo-nueva-pescanova-en-galicia-2\/#breadcrumb"},"inLanguage":"gl-ES","potentialAction":[{"@type":"ReadAction","target":["https:\/\/www.nuevapescanova.com\/gl\/2022\/07\/06\/la-ministra-del-mar-de-mozambique-visita-el-grupo-nueva-pescanova-en-galicia-2\/"]}]},{"@type":"ImageObject","inLanguage":"gl-ES","@id":"https:\/\/www.nuevapescanova.com\/gl\/2022\/07\/06\/la-ministra-del-mar-de-mozambique-visita-el-grupo-nueva-pescanova-en-galicia-2\/#primaryimage","url":"https:\/\/www.nuevapescanova.com\/nuevapescanova\/wp-content\/uploads\/2022\/07\/Visita-Ministra-Mozambique-scaled.jpg","contentUrl":"https:\/\/www.nuevapescanova.com\/nuevapescanova\/wp-content\/uploads\/2022\/07\/Visita-Ministra-Mozambique-scaled.jpg","width":2560,"height":1645},{"@type":"BreadcrumbList","@id":"https:\/\/www.nuevapescanova.com\/gl\/2022\/07\/06\/la-ministra-del-mar-de-mozambique-visita-el-grupo-nueva-pescanova-en-galicia-2\/#breadcrumb","itemListElement":[{"@type":"ListItem","position":1,"name":"Portada","item":"https:\/\/www.nuevapescanova.com\/gl\/"},{"@type":"ListItem","position":2,"name":"La ministra del Mar de Mozambique visita el Grupo Nueva Pescanova en Galicia"}]},{"@type":"WebSite","@id":"https:\/\/www.nuevapescanova.com\/#website","url":"https:\/\/www.nuevapescanova.com\/","name":"Nueva Pescanova","description":"","publisher":{"@id":"https:\/\/www.nuevapescanova.com\/#organization"},"potentialAction":[{"@type":"SearchAction","target":{"@type":"EntryPoint","urlTemplate":"https:\/\/www.nuevapescanova.com\/?s={search_term_string}"},"query-input":{"@type":"PropertyValueSpecification","valueRequired":true,"valueName":"search_term_string"}}],"inLanguage":"gl-ES"},{"@type":"Organization","@id":"https:\/\/www.nuevapescanova.com\/#organization","name":"Nueva Pescanova","url":"https:\/\/www.nuevapescanova.com\/","logo":{"@type":"ImageObject","inLanguage":"gl-ES","@id":"https:\/\/www.nuevapescanova.com\/#\/schema\/logo\/image\/","url":"https:\/\/www.nuevapescanova.com\/nuevapescanova\/wp-content\/uploads\/2023\/06\/Logo-Grupo-Nueva-Pescanova.jpg","contentUrl":"https:\/\/www.nuevapescanova.com\/nuevapescanova\/wp-content\/uploads\/2023\/06\/Logo-Grupo-Nueva-Pescanova.jpg","width":800,"height":398,"caption":"Nueva Pescanova"},"image":{"@id":"https:\/\/www.nuevapescanova.com\/#\/schema\/logo\/image\/"},"sameAs":["https:\/\/x.com\/PescanovaCorp","https:\/\/www.linkedin.com\/company\/nuevapescanova\/?originalSubdomain=es"]},{"@type":"Person","@id":"https:\/\/www.nuevapescanova.com\/#\/schema\/person\/8b41cffabb9cfabdc36581e6839e1355","name":"comunicacion","image":{"@type":"ImageObject","inLanguage":"gl-ES","@id":"https:\/\/www.nuevapescanova.com\/#\/schema\/person\/image\/","url":"https:\/\/secure.gravatar.com\/avatar\/3fdcb11972dd7c0cd6446cd61a4272e550ae23f4f17e8fd88e778f026d3e0748?s=96&d=mm&r=g","contentUrl":"https:\/\/secure.gravatar.com\/avatar\/3fdcb11972dd7c0cd6446cd61a4272e550ae23f4f17e8fd88e778f026d3e0748?s=96&d=mm&r=g","caption":"comunicacion"},"url":"https:\/\/www.nuevapescanova.com\/gl\/author\/comunicacion\/"}]}},"_links":{"self":[{"href":"https:\/\/www.nuevapescanova.com\/gl\/wp-json\/wp\/v2\/posts\/28165","targetHints":{"allow":["GET"]}}],"collection":[{"href":"https:\/\/www.nuevapescanova.com\/gl\/wp-json\/wp\/v2\/posts"}],"about":[{"href":"https:\/\/www.nuevapescanova.com\/gl\/wp-json\/wp\/v2\/types\/post"}],"author":[{"embeddable":true,"href":"https:\/\/www.nuevapescanova.com\/gl\/wp-json\/wp\/v2\/users\/3"}],"replies":[{"embeddable":true,"href":"https:\/\/www.nuevapescanova.com\/gl\/wp-json\/wp\/v2\/comments?post=28165"}],"version-history":[{"count":2,"href":"https:\/\/www.nuevapescanova.com\/gl\/wp-json\/wp\/v2\/posts\/28165\/revisions"}],"predecessor-version":[{"id":28167,"href":"https:\/\/www.nuevapescanova.com\/gl\/wp-json\/wp\/v2\/posts\/28165\/revisions\/28167"}],"wp:featuredmedia":[{"embeddable":true,"href":"https:\/\/www.nuevapescanova.com\/gl\/wp-json\/wp\/v2\/media\/28130"}],"wp:attachment":[{"href":"https:\/\/www.nuevapescanova.com\/gl\/wp-json\/wp\/v2\/media?parent=28165"}],"wp:term":[{"taxonomy":"category","embeddable":true,"href":"https:\/\/www.nuevapescanova.com\/gl\/wp-json\/wp\/v2\/categories?post=28165"},{"taxonomy":"post_tag","embeddable":true,"href":"https:\/\/www.nuevapescanova.com\/gl\/wp-json\/wp\/v2\/tags?post=28165"}],"curies":[{"name":"wp","href":"https:\/\/api.w.org\/{rel}","templated":true}]}}