{"id":34589,"date":"2023-09-01T12:46:06","date_gmt":"2023-09-01T12:46:06","guid":{"rendered":"https:\/\/www.nuevapescanova.com\/?p=34589"},"modified":"2023-09-01T12:46:08","modified_gmt":"2023-09-01T12:46:08","slug":"jorge-escudero-nuevo-consejero-delegado-de-nueva-pescanova","status":"publish","type":"post","link":"https:\/\/www.nuevapescanova.com\/gl\/2023\/09\/01\/jorge-escudero-nuevo-consejero-delegado-de-nueva-pescanova\/","title":{"rendered":"<strong>Jorge Escudero, nuevo Consejero Delegado de Nueva Pescanova<\/strong>"},"content":{"rendered":"\n<p>\u25cf\u00a0\u00a0\u00a0\u00a0\u00a0\u00a0\u00a0 <strong>Se incorpora a la multinacional para liderar y potenciar el crecimiento de la compa\u00f1\u00eda e incrementar su rentabilidad<br><br><\/strong>\u25cf\u00a0\u00a0\u00a0\u00a0\u00a0\u00a0\u00a0 <strong>Tiene una amplia experiencia directiva, especialmente en el \u00e1mbito internacional, en compa\u00f1\u00edas como Coca-Cola, Campofr\u00edo, Leche Pascual y Deoleo<\/strong><\/p>\n\n\n\n<p><a><\/a><strong><br>Vigo. 1 de septiembre de 2023.<\/strong>&#8211; El Consejo de Administraci\u00f3n de Nueva Pescanova ha decidido proponer a Jorge Escudero Hurtado (Madrid, 1970) como Consejero Delegado (CEO) del Grupo. El directivo se incorporar\u00e1 a la compa\u00f1\u00eda el pr\u00f3ximo 7 de septiembre.<\/p>\n\n\n\n<p><a><\/a>Jorge Escudero se une al equipo de la multinacional pesquera para liderar y potenciar el crecimiento de la compa\u00f1\u00eda e incrementar su rentabilidad. El nuevo CEO ha desarrollado una s\u00f3lida carrera profesional en el mundo de gran consumo y posee una amplia trayectoria internacional.<\/p>\n\n\n\n<p><a><\/a>En sus m\u00e1s de 30 a\u00f1os de experiencia en la industria de gran consumo, Jorge Escudero ha desempe\u00f1ado puestos de direcci\u00f3n, especialmente en el \u00e1mbito internacional, en compa\u00f1\u00edas l\u00edderes como Coca-Cola, Campofr\u00edo, Leche Pascual y Deoleo.<\/p>\n\n\n\n<p><a><\/a>Dentro de su perfil innovador, destaca su capacidad para impulsar la transformaci\u00f3n eficiente en \u00e1reas como la comercial, industrial y de cadenas de suministros (supply chain). Atesora un profundo conocimiento y experiencia en mercados internacionales, incluyendo Europa, Asia y Latinoam\u00e9rica, que le brindan una perspectiva global muy valiosa para fortalecer la estrategia de crecimiento de Nueva Pescanova.<\/p>\n\n\n\n<p><a><\/a>En las compa\u00f1\u00edas en las que ha ejercido cargos de direcci\u00f3n, Jorge Escudero ha destacado por su visi\u00f3n estrat\u00e9gica, orientada a resultados, que combina con un estilo cercano y un liderazgo inclusivo, muy enfocado en el desarrollo de las personas. Ha gestionado grandes y cualificados equipos, dot\u00e1ndoles de una visi\u00f3n y objetivos muy claros.<\/p>\n\n\n\n<p><a><\/a>Con esta incorporaci\u00f3n, ABANCA, el principal accionista, mantiene su hoja de ruta y avanza en la reconfiguraci\u00f3n del Grupo, desde su compromiso para consolidar el proyecto de Nueva Pescanova.<\/p>\n","protected":false},"excerpt":{"rendered":"<p>\u25cf\u00a0\u00a0\u00a0\u00a0\u00a0\u00a0\u00a0 Se incorpora a la multinacional para liderar y potenciar el crecimiento de la compa\u00f1\u00eda e incrementar su rentabilidad \u25cf\u00a0\u00a0\u00a0\u00a0\u00a0\u00a0\u00a0 Tiene una amplia experiencia directiva, especialmente<span class=\"excerpt-hellip\"> [\u2026]<\/span><\/p>\n","protected":false},"author":3,"featured_media":34587,"comment_status":"closed","ping_status":"closed","sticky":false,"template":"","format":"standard","meta":{"_acf_changed":false,"footnotes":""},"categories":[115],"tags":[],"class_list":["post-34589","post","type-post","status-publish","format-standard","has-post-thumbnail","hentry","category-uncategorized-gl"],"acf":[],"yoast_head":"<!-- This site is optimized with the Yoast SEO plugin v25.9 - https:\/\/yoast.com\/wordpress\/plugins\/seo\/ -->\n<title>Jorge Escudero, nuevo Consejero Delegado de Nueva Pescanova - Nueva Pescanova<\/title>\n<meta name=\"robots\" content=\"index, follow, max-snippet:-1, max-image-preview:large, max-video-preview:-1\" \/>\n<link rel=\"canonical\" href=\"https:\/\/www.nuevapescanova.com\/gl\/2023\/09\/01\/jorge-escudero-nuevo-consejero-delegado-de-nueva-pescanova\/\" \/>\n<meta property=\"og:locale\" content=\"gl_ES\" \/>\n<meta property=\"og:type\" content=\"article\" \/>\n<meta property=\"og:title\" content=\"Jorge Escudero, nuevo Consejero Delegado de Nueva Pescanova - Nueva Pescanova\" \/>\n<meta property=\"og:description\" content=\"\u25cf\u00a0\u00a0\u00a0\u00a0\u00a0\u00a0\u00a0 Se incorpora a la multinacional para liderar y potenciar el crecimiento de la compa\u00f1\u00eda e incrementar su rentabilidad \u25cf\u00a0\u00a0\u00a0\u00a0\u00a0\u00a0\u00a0 Tiene una amplia experiencia directiva, especialmente [\u2026]\" \/>\n<meta property=\"og:url\" content=\"https:\/\/www.nuevapescanova.com\/gl\/2023\/09\/01\/jorge-escudero-nuevo-consejero-delegado-de-nueva-pescanova\/\" \/>\n<meta property=\"og:site_name\" content=\"Nueva Pescanova\" \/>\n<meta property=\"article:published_time\" content=\"2023-09-01T12:46:06+00:00\" \/>\n<meta property=\"article:modified_time\" content=\"2023-09-01T12:46:08+00:00\" \/>\n<meta property=\"og:image\" content=\"https:\/\/www.nuevapescanova.com\/nuevapescanova\/wp-content\/uploads\/2023\/09\/Jorge-Escudero-CEO.jpeg\" \/>\n\t<meta property=\"og:image:width\" content=\"422\" \/>\n\t<meta property=\"og:image:height\" content=\"429\" \/>\n\t<meta property=\"og:image:type\" content=\"image\/jpeg\" \/>\n<meta name=\"author\" content=\"comunicacion\" \/>\n<meta name=\"twitter:card\" content=\"summary_large_image\" \/>\n<meta name=\"twitter:creator\" content=\"@PescanovaCorp\" \/>\n<meta name=\"twitter:site\" content=\"@PescanovaCorp\" \/>\n<meta name=\"twitter:label1\" content=\"Written by\" \/>\n\t<meta name=\"twitter:data1\" content=\"comunicacion\" \/>\n\t<meta name=\"twitter:label2\" content=\"Est. reading time\" \/>\n\t<meta name=\"twitter:data2\" content=\"2 minutes\" \/>\n<script type=\"application\/ld+json\" class=\"yoast-schema-graph\">{\"@context\":\"https:\/\/schema.org\",\"@graph\":[{\"@type\":\"Article\",\"@id\":\"https:\/\/www.nuevapescanova.com\/gl\/2023\/09\/01\/jorge-escudero-nuevo-consejero-delegado-de-nueva-pescanova\/#article\",\"isPartOf\":{\"@id\":\"https:\/\/www.nuevapescanova.com\/gl\/2023\/09\/01\/jorge-escudero-nuevo-consejero-delegado-de-nueva-pescanova\/\"},\"author\":{\"name\":\"comunicacion\",\"@id\":\"https:\/\/www.nuevapescanova.com\/#\/schema\/person\/8b41cffabb9cfabdc36581e6839e1355\"},\"headline\":\"Jorge Escudero, nuevo Consejero Delegado de Nueva Pescanova\",\"datePublished\":\"2023-09-01T12:46:06+00:00\",\"dateModified\":\"2023-09-01T12:46:08+00:00\",\"mainEntityOfPage\":{\"@id\":\"https:\/\/www.nuevapescanova.com\/gl\/2023\/09\/01\/jorge-escudero-nuevo-consejero-delegado-de-nueva-pescanova\/\"},\"wordCount\":326,\"publisher\":{\"@id\":\"https:\/\/www.nuevapescanova.com\/#organization\"},\"image\":{\"@id\":\"https:\/\/www.nuevapescanova.com\/gl\/2023\/09\/01\/jorge-escudero-nuevo-consejero-delegado-de-nueva-pescanova\/#primaryimage\"},\"thumbnailUrl\":\"https:\/\/www.nuevapescanova.com\/nuevapescanova\/wp-content\/uploads\/2023\/09\/Jorge-Escudero-CEO.jpeg\",\"articleSection\":[\"Uncategorized @gl\"],\"inLanguage\":\"gl-ES\"},{\"@type\":\"WebPage\",\"@id\":\"https:\/\/www.nuevapescanova.com\/gl\/2023\/09\/01\/jorge-escudero-nuevo-consejero-delegado-de-nueva-pescanova\/\",\"url\":\"https:\/\/www.nuevapescanova.com\/gl\/2023\/09\/01\/jorge-escudero-nuevo-consejero-delegado-de-nueva-pescanova\/\",\"name\":\"Jorge Escudero, nuevo Consejero Delegado de Nueva Pescanova - Nueva Pescanova\",\"isPartOf\":{\"@id\":\"https:\/\/www.nuevapescanova.com\/#website\"},\"primaryImageOfPage\":{\"@id\":\"https:\/\/www.nuevapescanova.com\/gl\/2023\/09\/01\/jorge-escudero-nuevo-consejero-delegado-de-nueva-pescanova\/#primaryimage\"},\"image\":{\"@id\":\"https:\/\/www.nuevapescanova.com\/gl\/2023\/09\/01\/jorge-escudero-nuevo-consejero-delegado-de-nueva-pescanova\/#primaryimage\"},\"thumbnailUrl\":\"https:\/\/www.nuevapescanova.com\/nuevapescanova\/wp-content\/uploads\/2023\/09\/Jorge-Escudero-CEO.jpeg\",\"datePublished\":\"2023-09-01T12:46:06+00:00\",\"dateModified\":\"2023-09-01T12:46:08+00:00\",\"breadcrumb\":{\"@id\":\"https:\/\/www.nuevapescanova.com\/gl\/2023\/09\/01\/jorge-escudero-nuevo-consejero-delegado-de-nueva-pescanova\/#breadcrumb\"},\"inLanguage\":\"gl-ES\",\"potentialAction\":[{\"@type\":\"ReadAction\",\"target\":[\"https:\/\/www.nuevapescanova.com\/gl\/2023\/09\/01\/jorge-escudero-nuevo-consejero-delegado-de-nueva-pescanova\/\"]}]},{\"@type\":\"ImageObject\",\"inLanguage\":\"gl-ES\",\"@id\":\"https:\/\/www.nuevapescanova.com\/gl\/2023\/09\/01\/jorge-escudero-nuevo-consejero-delegado-de-nueva-pescanova\/#primaryimage\",\"url\":\"https:\/\/www.nuevapescanova.com\/nuevapescanova\/wp-content\/uploads\/2023\/09\/Jorge-Escudero-CEO.jpeg\",\"contentUrl\":\"https:\/\/www.nuevapescanova.com\/nuevapescanova\/wp-content\/uploads\/2023\/09\/Jorge-Escudero-CEO.jpeg\",\"width\":422,\"height\":429},{\"@type\":\"BreadcrumbList\",\"@id\":\"https:\/\/www.nuevapescanova.com\/gl\/2023\/09\/01\/jorge-escudero-nuevo-consejero-delegado-de-nueva-pescanova\/#breadcrumb\",\"itemListElement\":[{\"@type\":\"ListItem\",\"position\":1,\"name\":\"Portada\",\"item\":\"https:\/\/www.nuevapescanova.com\/gl\/\"},{\"@type\":\"ListItem\",\"position\":2,\"name\":\"Jorge Escudero, nuevo Consejero Delegado de Nueva Pescanova\"}]},{\"@type\":\"WebSite\",\"@id\":\"https:\/\/www.nuevapescanova.com\/#website\",\"url\":\"https:\/\/www.nuevapescanova.com\/\",\"name\":\"Nueva Pescanova\",\"description\":\"\",\"publisher\":{\"@id\":\"https:\/\/www.nuevapescanova.com\/#organization\"},\"potentialAction\":[{\"@type\":\"SearchAction\",\"target\":{\"@type\":\"EntryPoint\",\"urlTemplate\":\"https:\/\/www.nuevapescanova.com\/?s={search_term_string}\"},\"query-input\":{\"@type\":\"PropertyValueSpecification\",\"valueRequired\":true,\"valueName\":\"search_term_string\"}}],\"inLanguage\":\"gl-ES\"},{\"@type\":\"Organization\",\"@id\":\"https:\/\/www.nuevapescanova.com\/#organization\",\"name\":\"Nueva Pescanova\",\"url\":\"https:\/\/www.nuevapescanova.com\/\",\"logo\":{\"@type\":\"ImageObject\",\"inLanguage\":\"gl-ES\",\"@id\":\"https:\/\/www.nuevapescanova.com\/#\/schema\/logo\/image\/\",\"url\":\"https:\/\/www.nuevapescanova.com\/nuevapescanova\/wp-content\/uploads\/2023\/06\/Logo-Grupo-Nueva-Pescanova.jpg\",\"contentUrl\":\"https:\/\/www.nuevapescanova.com\/nuevapescanova\/wp-content\/uploads\/2023\/06\/Logo-Grupo-Nueva-Pescanova.jpg\",\"width\":800,\"height\":398,\"caption\":\"Nueva Pescanova\"},\"image\":{\"@id\":\"https:\/\/www.nuevapescanova.com\/#\/schema\/logo\/image\/\"},\"sameAs\":[\"https:\/\/x.com\/PescanovaCorp\",\"https:\/\/www.linkedin.com\/company\/nuevapescanova\/?originalSubdomain=es\"]},{\"@type\":\"Person\",\"@id\":\"https:\/\/www.nuevapescanova.com\/#\/schema\/person\/8b41cffabb9cfabdc36581e6839e1355\",\"name\":\"comunicacion\",\"image\":{\"@type\":\"ImageObject\",\"inLanguage\":\"gl-ES\",\"@id\":\"https:\/\/www.nuevapescanova.com\/#\/schema\/person\/image\/\",\"url\":\"https:\/\/secure.gravatar.com\/avatar\/3fdcb11972dd7c0cd6446cd61a4272e550ae23f4f17e8fd88e778f026d3e0748?s=96&d=mm&r=g\",\"contentUrl\":\"https:\/\/secure.gravatar.com\/avatar\/3fdcb11972dd7c0cd6446cd61a4272e550ae23f4f17e8fd88e778f026d3e0748?s=96&d=mm&r=g\",\"caption\":\"comunicacion\"},\"url\":\"https:\/\/www.nuevapescanova.com\/gl\/author\/comunicacion\/\"}]}<\/script>\n<!-- \/ Yoast SEO plugin. -->","yoast_head_json":{"title":"Jorge Escudero, nuevo Consejero Delegado de Nueva Pescanova - Nueva Pescanova","robots":{"index":"index","follow":"follow","max-snippet":"max-snippet:-1","max-image-preview":"max-image-preview:large","max-video-preview":"max-video-preview:-1"},"canonical":"https:\/\/www.nuevapescanova.com\/gl\/2023\/09\/01\/jorge-escudero-nuevo-consejero-delegado-de-nueva-pescanova\/","og_locale":"gl_ES","og_type":"article","og_title":"Jorge Escudero, nuevo Consejero Delegado de Nueva Pescanova - Nueva Pescanova","og_description":"\u25cf\u00a0\u00a0\u00a0\u00a0\u00a0\u00a0\u00a0 Se incorpora a la multinacional para liderar y potenciar el crecimiento de la compa\u00f1\u00eda e incrementar su rentabilidad \u25cf\u00a0\u00a0\u00a0\u00a0\u00a0\u00a0\u00a0 Tiene una amplia experiencia directiva, especialmente [\u2026]","og_url":"https:\/\/www.nuevapescanova.com\/gl\/2023\/09\/01\/jorge-escudero-nuevo-consejero-delegado-de-nueva-pescanova\/","og_site_name":"Nueva Pescanova","article_published_time":"2023-09-01T12:46:06+00:00","article_modified_time":"2023-09-01T12:46:08+00:00","og_image":[{"width":422,"height":429,"url":"https:\/\/www.nuevapescanova.com\/nuevapescanova\/wp-content\/uploads\/2023\/09\/Jorge-Escudero-CEO.jpeg","type":"image\/jpeg"}],"author":"comunicacion","twitter_card":"summary_large_image","twitter_creator":"@PescanovaCorp","twitter_site":"@PescanovaCorp","twitter_misc":{"Written by":"comunicacion","Est. reading time":"2 minutes"},"schema":{"@context":"https:\/\/schema.org","@graph":[{"@type":"Article","@id":"https:\/\/www.nuevapescanova.com\/gl\/2023\/09\/01\/jorge-escudero-nuevo-consejero-delegado-de-nueva-pescanova\/#article","isPartOf":{"@id":"https:\/\/www.nuevapescanova.com\/gl\/2023\/09\/01\/jorge-escudero-nuevo-consejero-delegado-de-nueva-pescanova\/"},"author":{"name":"comunicacion","@id":"https:\/\/www.nuevapescanova.com\/#\/schema\/person\/8b41cffabb9cfabdc36581e6839e1355"},"headline":"Jorge Escudero, nuevo Consejero Delegado de Nueva Pescanova","datePublished":"2023-09-01T12:46:06+00:00","dateModified":"2023-09-01T12:46:08+00:00","mainEntityOfPage":{"@id":"https:\/\/www.nuevapescanova.com\/gl\/2023\/09\/01\/jorge-escudero-nuevo-consejero-delegado-de-nueva-pescanova\/"},"wordCount":326,"publisher":{"@id":"https:\/\/www.nuevapescanova.com\/#organization"},"image":{"@id":"https:\/\/www.nuevapescanova.com\/gl\/2023\/09\/01\/jorge-escudero-nuevo-consejero-delegado-de-nueva-pescanova\/#primaryimage"},"thumbnailUrl":"https:\/\/www.nuevapescanova.com\/nuevapescanova\/wp-content\/uploads\/2023\/09\/Jorge-Escudero-CEO.jpeg","articleSection":["Uncategorized @gl"],"inLanguage":"gl-ES"},{"@type":"WebPage","@id":"https:\/\/www.nuevapescanova.com\/gl\/2023\/09\/01\/jorge-escudero-nuevo-consejero-delegado-de-nueva-pescanova\/","url":"https:\/\/www.nuevapescanova.com\/gl\/2023\/09\/01\/jorge-escudero-nuevo-consejero-delegado-de-nueva-pescanova\/","name":"Jorge Escudero, nuevo Consejero Delegado de Nueva Pescanova - Nueva Pescanova","isPartOf":{"@id":"https:\/\/www.nuevapescanova.com\/#website"},"primaryImageOfPage":{"@id":"https:\/\/www.nuevapescanova.com\/gl\/2023\/09\/01\/jorge-escudero-nuevo-consejero-delegado-de-nueva-pescanova\/#primaryimage"},"image":{"@id":"https:\/\/www.nuevapescanova.com\/gl\/2023\/09\/01\/jorge-escudero-nuevo-consejero-delegado-de-nueva-pescanova\/#primaryimage"},"thumbnailUrl":"https:\/\/www.nuevapescanova.com\/nuevapescanova\/wp-content\/uploads\/2023\/09\/Jorge-Escudero-CEO.jpeg","datePublished":"2023-09-01T12:46:06+00:00","dateModified":"2023-09-01T12:46:08+00:00","breadcrumb":{"@id":"https:\/\/www.nuevapescanova.com\/gl\/2023\/09\/01\/jorge-escudero-nuevo-consejero-delegado-de-nueva-pescanova\/#breadcrumb"},"inLanguage":"gl-ES","potentialAction":[{"@type":"ReadAction","target":["https:\/\/www.nuevapescanova.com\/gl\/2023\/09\/01\/jorge-escudero-nuevo-consejero-delegado-de-nueva-pescanova\/"]}]},{"@type":"ImageObject","inLanguage":"gl-ES","@id":"https:\/\/www.nuevapescanova.com\/gl\/2023\/09\/01\/jorge-escudero-nuevo-consejero-delegado-de-nueva-pescanova\/#primaryimage","url":"https:\/\/www.nuevapescanova.com\/nuevapescanova\/wp-content\/uploads\/2023\/09\/Jorge-Escudero-CEO.jpeg","contentUrl":"https:\/\/www.nuevapescanova.com\/nuevapescanova\/wp-content\/uploads\/2023\/09\/Jorge-Escudero-CEO.jpeg","width":422,"height":429},{"@type":"BreadcrumbList","@id":"https:\/\/www.nuevapescanova.com\/gl\/2023\/09\/01\/jorge-escudero-nuevo-consejero-delegado-de-nueva-pescanova\/#breadcrumb","itemListElement":[{"@type":"ListItem","position":1,"name":"Portada","item":"https:\/\/www.nuevapescanova.com\/gl\/"},{"@type":"ListItem","position":2,"name":"Jorge Escudero, nuevo Consejero Delegado de Nueva Pescanova"}]},{"@type":"WebSite","@id":"https:\/\/www.nuevapescanova.com\/#website","url":"https:\/\/www.nuevapescanova.com\/","name":"Nueva Pescanova","description":"","publisher":{"@id":"https:\/\/www.nuevapescanova.com\/#organization"},"potentialAction":[{"@type":"SearchAction","target":{"@type":"EntryPoint","urlTemplate":"https:\/\/www.nuevapescanova.com\/?s={search_term_string}"},"query-input":{"@type":"PropertyValueSpecification","valueRequired":true,"valueName":"search_term_string"}}],"inLanguage":"gl-ES"},{"@type":"Organization","@id":"https:\/\/www.nuevapescanova.com\/#organization","name":"Nueva Pescanova","url":"https:\/\/www.nuevapescanova.com\/","logo":{"@type":"ImageObject","inLanguage":"gl-ES","@id":"https:\/\/www.nuevapescanova.com\/#\/schema\/logo\/image\/","url":"https:\/\/www.nuevapescanova.com\/nuevapescanova\/wp-content\/uploads\/2023\/06\/Logo-Grupo-Nueva-Pescanova.jpg","contentUrl":"https:\/\/www.nuevapescanova.com\/nuevapescanova\/wp-content\/uploads\/2023\/06\/Logo-Grupo-Nueva-Pescanova.jpg","width":800,"height":398,"caption":"Nueva Pescanova"},"image":{"@id":"https:\/\/www.nuevapescanova.com\/#\/schema\/logo\/image\/"},"sameAs":["https:\/\/x.com\/PescanovaCorp","https:\/\/www.linkedin.com\/company\/nuevapescanova\/?originalSubdomain=es"]},{"@type":"Person","@id":"https:\/\/www.nuevapescanova.com\/#\/schema\/person\/8b41cffabb9cfabdc36581e6839e1355","name":"comunicacion","image":{"@type":"ImageObject","inLanguage":"gl-ES","@id":"https:\/\/www.nuevapescanova.com\/#\/schema\/person\/image\/","url":"https:\/\/secure.gravatar.com\/avatar\/3fdcb11972dd7c0cd6446cd61a4272e550ae23f4f17e8fd88e778f026d3e0748?s=96&d=mm&r=g","contentUrl":"https:\/\/secure.gravatar.com\/avatar\/3fdcb11972dd7c0cd6446cd61a4272e550ae23f4f17e8fd88e778f026d3e0748?s=96&d=mm&r=g","caption":"comunicacion"},"url":"https:\/\/www.nuevapescanova.com\/gl\/author\/comunicacion\/"}]}},"_links":{"self":[{"href":"https:\/\/www.nuevapescanova.com\/gl\/wp-json\/wp\/v2\/posts\/34589","targetHints":{"allow":["GET"]}}],"collection":[{"href":"https:\/\/www.nuevapescanova.com\/gl\/wp-json\/wp\/v2\/posts"}],"about":[{"href":"https:\/\/www.nuevapescanova.com\/gl\/wp-json\/wp\/v2\/types\/post"}],"author":[{"embeddable":true,"href":"https:\/\/www.nuevapescanova.com\/gl\/wp-json\/wp\/v2\/users\/3"}],"replies":[{"embeddable":true,"href":"https:\/\/www.nuevapescanova.com\/gl\/wp-json\/wp\/v2\/comments?post=34589"}],"version-history":[{"count":1,"href":"https:\/\/www.nuevapescanova.com\/gl\/wp-json\/wp\/v2\/posts\/34589\/revisions"}],"predecessor-version":[{"id":34590,"href":"https:\/\/www.nuevapescanova.com\/gl\/wp-json\/wp\/v2\/posts\/34589\/revisions\/34590"}],"wp:featuredmedia":[{"embeddable":true,"href":"https:\/\/www.nuevapescanova.com\/gl\/wp-json\/wp\/v2\/media\/34587"}],"wp:attachment":[{"href":"https:\/\/www.nuevapescanova.com\/gl\/wp-json\/wp\/v2\/media?parent=34589"}],"wp:term":[{"taxonomy":"category","embeddable":true,"href":"https:\/\/www.nuevapescanova.com\/gl\/wp-json\/wp\/v2\/categories?post=34589"},{"taxonomy":"post_tag","embeddable":true,"href":"https:\/\/www.nuevapescanova.com\/gl\/wp-json\/wp\/v2\/tags?post=34589"}],"curies":[{"name":"wp","href":"https:\/\/api.w.org\/{rel}","templated":true}]}}